{"id":10394,"date":"2016-04-14T22:45:27","date_gmt":"2016-04-14T22:45:27","guid":{"rendered":"http:\/\/rurallascolonias.com.ar\/?p=10394"},"modified":"2016-04-14T22:45:27","modified_gmt":"2016-04-14T22:45:27","slug":"la-comision-provincial-de-emergencia-agropecuaria-analizo-la-situacion-de-la-produccion-santafesina","status":"publish","type":"post","link":"http:\/\/rurallascolonias.com.ar\/?p=10394","title":{"rendered":"La Comisi\u00f3n Provincial de Emergencia Agropecuaria analiz\u00f3 la situaci\u00f3n de la producci\u00f3n santafesina"},"content":{"rendered":"<p><strong><em><a href=\"http:\/\/rurallascolonias.com.ar\/?attachment_id=10395\" rel=\"attachment wp-att-10395\"><img loading=\"lazy\" class=\"aligncenter wp-image-10395 size-medium\" src=\"http:\/\/rurallascolonias.com.ar\/wp-content\/uploads\/2016\/04\/reuni\u00f3n-emergencia-agro-2-300x169.jpg\" alt=\"reuni\u00f3n emergencia agro 2\" width=\"300\" height=\"169\" srcset=\"http:\/\/rurallascolonias.com.ar\/wp-content\/uploads\/2016\/04\/reuni\u00f3n-emergencia-agro-2-300x169.jpg 300w, http:\/\/rurallascolonias.com.ar\/wp-content\/uploads\/2016\/04\/reuni\u00f3n-emergencia-agro-2-768x432.jpg 768w, http:\/\/rurallascolonias.com.ar\/wp-content\/uploads\/2016\/04\/reuni\u00f3n-emergencia-agro-2-600x338.jpg 600w, http:\/\/rurallascolonias.com.ar\/wp-content\/uploads\/2016\/04\/reuni\u00f3n-emergencia-agro-2-624x351.jpg 624w, http:\/\/rurallascolonias.com.ar\/wp-content\/uploads\/2016\/04\/reuni\u00f3n-emergencia-agro-2.jpg 960w\" sizes=\"(max-width: 300px) 100vw, 300px\" \/><\/a>\u201cExisten en la provincia 7 millones de hect\u00e1reas comprometidas por las lluvias, lo que representa m\u00e1s del 50 % de la superficie de Santa Fe\u201d, manifest\u00f3 Contigiani<\/em><\/strong><!--more--><\/p>\n<p class=\"selectionShareable\">El ministro de la Producci\u00f3n, Luis Contigiani, encabez\u00f3 este jueves una nueva reuni\u00f3n de la Comisi\u00f3n Provincial de Emergencia Agropecuaria, encuentro convocado para analizar la situaci\u00f3n en el marco de los excesos h\u00eddricos.<\/p>\n<p class=\"selectionShareable\">\nDel encuentro, que tuvo lugar en la Sociedad Rural de Santa Fe, participaron los secretarios de Agricultura, Ganader\u00eda y Recursos Naturales, Carlos Corval\u00e1n, y de Lecher\u00eda, Pedro Morini; senadores y diputados provinciales, representantes de distintas \u00e1reas de gobierno, integrantes de cada una de las entidades vinculadas a la actividad agropecuaria, INTA y productores, entre otros<\/p>\n<p class=\"selectionShareable\">Concluida la reuni\u00f3n, Contigiani inform\u00f3 que \u201cse realiz\u00f3 un an\u00e1lisis del estado de situaci\u00f3n ante el evento clim\u00e1tico que nos est\u00e1 golpeando severamente, sobre todo a nivel de la regi\u00f3n central de Santa Fe. A partir de los informes t\u00e9cnicos de la comisi\u00f3n, se comenz\u00f3 a evaluar la posibilidad de declarar la situaci\u00f3n de emergencia y\/o desastre. El lunes se volver\u00e1 a reunir la Comisi\u00f3n T\u00e9cnica, a fines de evaluar el camino a seguir para dar la respuesta m\u00e1s r\u00e1pida y efectiva\u201d, indic\u00f3.<\/p>\n<p>\u201cEste pase a Comisi\u00f3n T\u00e9cnica se efect\u00faa para determinar si conviene prorrogar los decretos ya homologados nacionalmente o generar uno nuevo. Al mismo tiempo, nos posibilita consultar con la Naci\u00f3n sobre estos aspectos\u201d, agreg\u00f3 el ministro.<\/p>\n<p>Dimensionando la situaci\u00f3n, el funcionario provincial indic\u00f3 que \u201cexisten en la provincia 7 millones de hect\u00e1reas comprometidas por las lluvias, lo que representa m\u00e1s del 50 % de la superficie de Santa Fe. Estamos ante una situaci\u00f3n productiva, t\u00e9cnica, social y humana muy cr\u00edtica\u201d.<\/p>\n<p class=\"selectionShareable\">\n\u201cPor otro lado, en el marco de la situaci\u00f3n de emergencia que presenta nuestro territorio, pondremos a disposici\u00f3n del sector productivo una bater\u00eda de herramientas de apoyo en las que estamos trabajando: un fondo rotatorio para el sector arrocero de 20 millones de pesos; el pedido ante Naci\u00f3n para que acelere el fondo compensador a productores tamberos de 50 centavos por litro de leche \u2013en los primeros tres mil\u2013 de los cuales 10 centavos son aportados por el gobierno provincial, lo que nos significa m\u00e1s de 30 millones de pesos; la solicitud al gobierno nacional para que firme el convenio y quede operativa la l\u00ednea de cr\u00e9ditos para tamberos que la provincia tiene lista hace 40 d\u00edas; y un fondo para la cuenca ca\u00f1era; entre otras\u201d, detall\u00f3.<\/p>\n<p class=\"selectionShareable\">\n<p>Finalmente, Contigiani concluy\u00f3 en que \u201cel evento de El Ni\u00f1o que nos sacude viene a agravar la situaci\u00f3n econ\u00f3mica de sectores productivos muy comprometidos, como es el caso de la lecher\u00eda, profundizando una situaci\u00f3n de quebranto\u201d.<\/p>\n<p class=\"selectionShareable\">\n<p><strong>COMISI\u00d3N PROVINCIAL DE EMERGENCIA AGROPECUARIA<\/strong><\/p>\n<p class=\"selectionShareable\">\n<p class=\"selectionShareable\">\nLa Comisi\u00f3n Provincial de Emergencia Agropecuaria tiene car\u00e1cter consultivo, est\u00e1 presidida por el ministro de la Producci\u00f3n e integrada por un representante del Ministerio de Econom\u00eda; uno de la secretar\u00eda de Regiones, Municipios y Comunas; un representante por las comisiones de Agricultura y Ganader\u00eda de ambas c\u00e1maras legislativas; y un referente de cada una de las entidades vinculadas a la actividad agropecuaria de la provincia.<\/p>\n<p>Entre sus atribuciones se encuentra la de proponer al Poder Ejecutivo provincial, a trav\u00e9s del Ministerio de la Producci\u00f3n, la declaraci\u00f3n o pr\u00f3rroga de Emergencia Agropecuaria o Zona de Desastre en \u00e1reas territoriales determinadas a nivel de distrito, cuando factores de origen clim\u00e1tico, tel\u00farico, biol\u00f3gico o f\u00edsico afecten la producci\u00f3n o la capacidad de producci\u00f3n de una regi\u00f3n.<\/p>\n<p>Asimismo, est\u00e1 habilitada para gestionar ante las instituciones bancarias la concesi\u00f3n de pr\u00f3rrogas especiales de los plazos para el cumplimiento de las obligaciones contra\u00eddas por los productores afectados por la emergencia o desastre, as\u00ed como el otorgamiento de cr\u00e9ditos especiales.<\/p>\n<p>Del mismo modo, est\u00e1 facultada para proyectar, organizar y coordinar las medidas necesarias para disminuir o anular los efectos da\u00f1osos derivados de aquellos eventos meteorol\u00f3gicos, proponiendo las soluciones que estime id\u00f3neas a las \u00e1reas que correspondan<\/p>\n<p class=\"selectionShareable\">Fuente: El Litoral<\/p>\n","protected":false},"excerpt":{"rendered":"<p>\u201cExisten en la provincia 7 millones de hect\u00e1reas comprometidas por las lluvias, lo que representa m\u00e1s del 50 % de la superficie de Santa Fe\u201d, manifest\u00f3 Contigiani<\/p>\n","protected":false},"author":5,"featured_media":0,"comment_status":"open","ping_status":"open","sticky":false,"template":"","format":"standard","meta":[],"categories":[42],"tags":[2797,644,2798],"_links":{"self":[{"href":"http:\/\/rurallascolonias.com.ar\/index.php?rest_route=\/wp\/v2\/posts\/10394"}],"collection":[{"href":"http:\/\/rurallascolonias.com.ar\/index.php?rest_route=\/wp\/v2\/posts"}],"about":[{"href":"http:\/\/rurallascolonias.com.ar\/index.php?rest_route=\/wp\/v2\/types\/post"}],"author":[{"embeddable":true,"href":"http:\/\/rurallascolonias.com.ar\/index.php?rest_route=\/wp\/v2\/users\/5"}],"replies":[{"embeddable":true,"href":"http:\/\/rurallascolonias.com.ar\/index.php?rest_route=%2Fwp%2Fv2%2Fcomments&post=10394"}],"version-history":[{"count":1,"href":"http:\/\/rurallascolonias.com.ar\/index.php?rest_route=\/wp\/v2\/posts\/10394\/revisions"}],"predecessor-version":[{"id":10396,"href":"http:\/\/rurallascolonias.com.ar\/index.php?rest_route=\/wp\/v2\/posts\/10394\/revisions\/10396"}],"wp:attachment":[{"href":"http:\/\/rurallascolonias.com.ar\/index.php?rest_route=%2Fwp%2Fv2%2Fmedia&parent=10394"}],"wp:term":[{"taxonomy":"category","embeddable":true,"href":"http:\/\/rurallascolonias.com.ar\/index.php?rest_route=%2Fwp%2Fv2%2Fcategories&post=10394"},{"taxonomy":"post_tag","embeddable":true,"href":"http:\/\/rurallascolonias.com.ar\/index.php?rest_route=%2Fwp%2Fv2%2Ftags&post=10394"}],"curies":[{"name":"wp","href":"https:\/\/api.w.org\/{rel}","templated":true}]}}