{"id":10391,"date":"2016-04-14T14:50:01","date_gmt":"2016-04-14T14:50:01","guid":{"rendered":"http:\/\/rurallascolonias.com.ar\/?p=10391"},"modified":"2016-04-14T14:50:01","modified_gmt":"2016-04-14T14:50:01","slug":"reunion-de-comision-de-emergencia-agropecuaria-provincial","status":"publish","type":"post","link":"http:\/\/rurallascolonias.com.ar\/?p=10391","title":{"rendered":"Reuni\u00f3n de Comisi\u00f3n de Emergencia Agropecuaria Provincial"},"content":{"rendered":"<p><strong><a href=\"http:\/\/rurallascolonias.com.ar\/?attachment_id=10392\" rel=\"attachment wp-att-10392\"><img loading=\"lazy\" class=\"aligncenter wp-image-10392 size-medium\" src=\"http:\/\/rurallascolonias.com.ar\/wp-content\/uploads\/2016\/04\/reuni\u00f3n-emergencia-agro-300x169.jpg\" alt=\"reuni\u00f3n emergencia agro\" width=\"300\" height=\"169\" srcset=\"http:\/\/rurallascolonias.com.ar\/wp-content\/uploads\/2016\/04\/reuni\u00f3n-emergencia-agro-300x169.jpg 300w, http:\/\/rurallascolonias.com.ar\/wp-content\/uploads\/2016\/04\/reuni\u00f3n-emergencia-agro-768x432.jpg 768w, http:\/\/rurallascolonias.com.ar\/wp-content\/uploads\/2016\/04\/reuni\u00f3n-emergencia-agro-600x338.jpg 600w, http:\/\/rurallascolonias.com.ar\/wp-content\/uploads\/2016\/04\/reuni\u00f3n-emergencia-agro-624x351.jpg 624w, http:\/\/rurallascolonias.com.ar\/wp-content\/uploads\/2016\/04\/reuni\u00f3n-emergencia-agro.jpg 960w\" sizes=\"(max-width: 300px) 100vw, 300px\" \/><\/a>Se realiz\u00f3 a primera hora de la ma\u00f1ana de hoy en la Sociedad Rural de Santa Fe. <\/strong><br \/>\n<strong>CARSFe presente a trav\u00e9s de su Presidente Gustavo Vionnet<\/strong><\/p>\n","protected":false},"excerpt":{"rendered":"<p>Se realiz\u00f3 a primera hora de la ma\u00f1ana de hoy en la Sociedad Rural de Santa Fe. CARSFe presente a trav\u00e9s de su Presidente Gustavo Vionnet<\/p>\n","protected":false},"author":5,"featured_media":0,"comment_status":"open","ping_status":"open","sticky":false,"template":"","format":"standard","meta":[],"categories":[42],"tags":[747,74],"_links":{"self":[{"href":"http:\/\/rurallascolonias.com.ar\/index.php?rest_route=\/wp\/v2\/posts\/10391"}],"collection":[{"href":"http:\/\/rurallascolonias.com.ar\/index.php?rest_route=\/wp\/v2\/posts"}],"about":[{"href":"http:\/\/rurallascolonias.com.ar\/index.php?rest_route=\/wp\/v2\/types\/post"}],"author":[{"embeddable":true,"href":"http:\/\/rurallascolonias.com.ar\/index.php?rest_route=\/wp\/v2\/users\/5"}],"replies":[{"embeddable":true,"href":"http:\/\/rurallascolonias.com.ar\/index.php?rest_route=%2Fwp%2Fv2%2Fcomments&post=10391"}],"version-history":[{"count":1,"href":"http:\/\/rurallascolonias.com.ar\/index.php?rest_route=\/wp\/v2\/posts\/10391\/revisions"}],"predecessor-version":[{"id":10393,"href":"http:\/\/rurallascolonias.com.ar\/index.php?rest_route=\/wp\/v2\/posts\/10391\/revisions\/10393"}],"wp:attachment":[{"href":"http:\/\/rurallascolonias.com.ar\/index.php?rest_route=%2Fwp%2Fv2%2Fmedia&parent=10391"}],"wp:term":[{"taxonomy":"category","embeddable":true,"href":"http:\/\/rurallascolonias.com.ar\/index.php?rest_route=%2Fwp%2Fv2%2Fcategories&post=10391"},{"taxonomy":"post_tag","embeddable":true,"href":"http:\/\/rurallascolonias.com.ar\/index.php?rest_route=%2Fwp%2Fv2%2Ftags&post=10391"}],"curies":[{"name":"wp","href":"https:\/\/api.w.org\/{rel}","templated":true}]}}