{"id":10382,"date":"2016-04-14T10:48:02","date_gmt":"2016-04-14T10:48:02","guid":{"rendered":"http:\/\/rurallascolonias.com.ar\/?p=10382"},"modified":"2016-04-14T11:57:07","modified_gmt":"2016-04-14T11:57:07","slug":"inundaciones-desde-el-sector-lechero-hablan-de-un-panorama-desolador","status":"publish","type":"post","link":"http:\/\/rurallascolonias.com.ar\/?p=10382","title":{"rendered":"Inundaciones: Desde el sector lechero hablan de \u201cun panorama desolador\u201d"},"content":{"rendered":"<p><em><strong><a href=\"http:\/\/rurallascolonias.com.ar\/?attachment_id=10386\" rel=\"attachment wp-att-10386\"><img loading=\"lazy\" class=\"aligncenter size-full wp-image-10386\" src=\"http:\/\/rurallascolonias.com.ar\/wp-content\/uploads\/2016\/04\/inundaciones-5.jpg\" alt=\"inundaciones 5\" width=\"269\" height=\"187\" \/><\/a>El sector, que viene en descenso, sufre con intensidad las consecuencias de las lluvias, incluso m\u00e1s que la agricultura. \u201cCierran entre 2 y 3 tambos por mes\u201d, se\u00f1alaron sobre Santa Fe. El temporal que azota al Litoral ya afect\u00f3 a unas 15 mil personas en las provincias de Santa Fe, Corrientes y Entre R\u00edos, generando p\u00e9rdidas irreparables en el campo<\/strong><\/em><!--more--><\/p>\n<p>El sector lechero santafesino sufre con intensidad las lluvias que azotan la regi\u00f3n. Es que ya antes del temporal, ven\u00edan muy mal, casi sobreviviendo, de acuerdo a lo que expuso Daniel Oggero, de la Asociaci\u00f3n Productores Lecheros. Seg\u00fan indic\u00f3, muchos debieron cerrar sus tambos porque las vacas se murieron ahogadas. El futuro es incierto al punto que confi\u00f3 en que no descarta que, hacia fin de a\u00f1o, Argentina deba importar leche.<\/p>\n<p>El temporal que azota al Litoral \u00a0ya afect\u00f3 a unas 15 mil personas en las provincias de Santa Fe, Corrientes y Entre R\u00edos. El campo padece con fuerza esta situaci\u00f3n clim\u00e1tica. Tras las lluvias de abril, que superaron los 700 mil\u00edmetros en el norte de la provincia y promedian los 500 mil\u00edmetros en los departamentos del centro, se estima que 2,3 millones las hect\u00e1reas fueron perjudicadas.<\/p>\n<p>En este contexto, los ganaderos locales se ven muy golpeados, y junto a ellos, los tamberos. En conversaci\u00f3n con el programa de Roberto Caferra (Radi\u00f3polis, Radio 2), Oggero se sincer\u00f3: \u201cEl panorama es desolador, desaparecieron los tambos. Muchos productores no llegaron a sacar las vacas, sobre todo los m\u00e1s chicas. Por la gran cantidad de agua, no se ven los alambrados por kil\u00f3metros\u201d, describi\u00f3. \u201cEl agua que en el 80 por ciento de los casos llega a los 20 cent\u00edmetros, impide la recolecci\u00f3n y el trabajo en el tambo en general, por eso muchos tomaron la decisi\u00f3n de cerrar\u201d, agreg\u00f3.<\/p>\n<p>\u201cEs el segundo a\u00f1o consecutivo que nos pega mal el clima y encima, la falta de renta\u201d, se\u00f1al\u00f3. \u201cEl gobierno nacional ampli\u00f3 algunas concesiones, siempre sirven pero no solucionan el problema, queremos renta no subsidios. No un Moreno que apoye una pistola en la mesa pero s\u00ed un Estado presente, que regule\u201d, pidi\u00f3.<\/p>\n<p>Oggero denunci\u00f3 que la situaci\u00f3n econ\u00f3mica de los tamberos va de mal en peor. Y esto se traduce en las g\u00f3ndolas: \u201cEl precio deber\u00eda bajar. El Inta emiti\u00f3 que el costo del litro es de 4,15 en un tambo pero nosotrso cobramos 2,60, es decir que estamos 1,60 m\u00e1s o menos, por debajo del costo, despu\u00e9s ten\u00e9s que tener una renta para poder vivir, pagar impuestos y seguir invirtiendo. Un tambo chico se endeuda por mes unos 100 mil pesos\u201d, observ\u00f3.<\/p>\n<p>Consultado por el precio de la leche en este contexto clim\u00e1tico, indic\u00f3: \u201cEs una buena pregunta para hacerle al secretario de Comercio Miguel Braun, due\u00f1o del hipermercado La an\u00f3nima y socio en una elaboradora de l\u00e1cteos. Nos pusieron a un zorro a que cuide el gallinero. A fin de a\u00f1o importamos leche\u201d, sentenci\u00f3.<\/p>\n<p>El productor asegur\u00f3 que, por mes, cierran entre 2 y 3 tambos. \u201cAntes de la situaci\u00f3n clim\u00e1tica, ya se estaban vendiendo a los frigor\u00edficos. Seguramente, alguno de ustedes haya comido una vaca lechera en alg\u00fan salame\u201d, ironiz\u00f3.<\/p>\n<p>Finalmente, remarc\u00f3 que tambi\u00e9n el sector agr\u00edcola se ve afectado en consideraci\u00f3n por el agua. \u201cMe animo a decir que un 60 por ciento de la cosecha est\u00e1 perdida\u201d, remarc\u00f3.<\/p>\n","protected":false},"excerpt":{"rendered":"<p>El sector, que viene en descenso, sufre con intensidad las consecuencias de las lluvias, incluso m\u00e1s que la agricultura. \u201cCierran entre 2 y 3 tambos por mes\u201d, se\u00f1alaron sobre Santa Fe. El temporal que azota al Litoral ya afect\u00f3 a unas 15 mil personas en las provincias de Santa Fe, Corrientes y Entre R\u00edos, generando [&hellip;]<\/p>\n","protected":false},"author":5,"featured_media":0,"comment_status":"open","ping_status":"open","sticky":false,"template":"","format":"standard","meta":[],"categories":[42],"tags":[523,2795,485],"_links":{"self":[{"href":"http:\/\/rurallascolonias.com.ar\/index.php?rest_route=\/wp\/v2\/posts\/10382"}],"collection":[{"href":"http:\/\/rurallascolonias.com.ar\/index.php?rest_route=\/wp\/v2\/posts"}],"about":[{"href":"http:\/\/rurallascolonias.com.ar\/index.php?rest_route=\/wp\/v2\/types\/post"}],"author":[{"embeddable":true,"href":"http:\/\/rurallascolonias.com.ar\/index.php?rest_route=\/wp\/v2\/users\/5"}],"replies":[{"embeddable":true,"href":"http:\/\/rurallascolonias.com.ar\/index.php?rest_route=%2Fwp%2Fv2%2Fcomments&post=10382"}],"version-history":[{"count":3,"href":"http:\/\/rurallascolonias.com.ar\/index.php?rest_route=\/wp\/v2\/posts\/10382\/revisions"}],"predecessor-version":[{"id":10387,"href":"http:\/\/rurallascolonias.com.ar\/index.php?rest_route=\/wp\/v2\/posts\/10382\/revisions\/10387"}],"wp:attachment":[{"href":"http:\/\/rurallascolonias.com.ar\/index.php?rest_route=%2Fwp%2Fv2%2Fmedia&parent=10382"}],"wp:term":[{"taxonomy":"category","embeddable":true,"href":"http:\/\/rurallascolonias.com.ar\/index.php?rest_route=%2Fwp%2Fv2%2Fcategories&post=10382"},{"taxonomy":"post_tag","embeddable":true,"href":"http:\/\/rurallascolonias.com.ar\/index.php?rest_route=%2Fwp%2Fv2%2Ftags&post=10382"}],"curies":[{"name":"wp","href":"https:\/\/api.w.org\/{rel}","templated":true}]}}