{"id":10360,"date":"2016-04-13T12:48:10","date_gmt":"2016-04-13T12:48:10","guid":{"rendered":"http:\/\/rurallascolonias.com.ar\/?p=10360"},"modified":"2016-04-13T12:48:10","modified_gmt":"2016-04-13T12:48:10","slug":"dirigentes-tamberos-recibieron-a-periodistas","status":"publish","type":"post","link":"http:\/\/rurallascolonias.com.ar\/?p=10360","title":{"rendered":"Dirigentes tamberos recibieron a periodistas"},"content":{"rendered":"<p><em><strong><a href=\"http:\/\/rurallascolonias.com.ar\/?attachment_id=10361\" rel=\"attachment wp-att-10361\"><img loading=\"lazy\" class=\"aligncenter wp-image-10361 size-medium\" src=\"http:\/\/rurallascolonias.com.ar\/wp-content\/uploads\/2016\/04\/reuni\u00f3n-Vionnet-y-periodistas-300x200.jpg\" alt=\"reuni\u00f3n Vionnet y periodistas\" width=\"300\" height=\"200\" srcset=\"http:\/\/rurallascolonias.com.ar\/wp-content\/uploads\/2016\/04\/reuni\u00f3n-Vionnet-y-periodistas-300x200.jpg 300w, http:\/\/rurallascolonias.com.ar\/wp-content\/uploads\/2016\/04\/reuni\u00f3n-Vionnet-y-periodistas-768x512.jpg 768w, http:\/\/rurallascolonias.com.ar\/wp-content\/uploads\/2016\/04\/reuni\u00f3n-Vionnet-y-periodistas-600x400.jpg 600w, http:\/\/rurallascolonias.com.ar\/wp-content\/uploads\/2016\/04\/reuni\u00f3n-Vionnet-y-periodistas-624x416.jpg 624w, http:\/\/rurallascolonias.com.ar\/wp-content\/uploads\/2016\/04\/reuni\u00f3n-Vionnet-y-periodistas.jpg 960w\" sizes=\"(max-width: 300px) 100vw, 300px\" \/><\/a>Dentro de una acci\u00f3n de comunicaci\u00f3n de CRA, dirigentes tamberos integrantes de la Comisi\u00f3n de Lecher\u00eda de la entid<span class=\"text_exposed_show\">ad se reunieron con periodistas agroalimentarios de la agrupaci\u00f3n La Porte\u00f1a con el fin de debatir es el escenario actual de la lecher\u00eda de la Argentina<\/span><\/strong><\/em><!--more--><\/p>\n<div class=\"text_exposed_show\">\n<p><a href=\"http:\/\/rurallascolonias.com.ar\/?attachment_id=10362\" rel=\"attachment wp-att-10362\"><img loading=\"lazy\" class=\"aligncenter wp-image-10362 size-medium\" src=\"http:\/\/rurallascolonias.com.ar\/wp-content\/uploads\/2016\/04\/reuni\u00f3n-Vionnet-y-periodistas-2-300x225.jpg\" alt=\"reuni\u00f3n Vionnet y periodistas 2\" width=\"300\" height=\"225\" srcset=\"http:\/\/rurallascolonias.com.ar\/wp-content\/uploads\/2016\/04\/reuni\u00f3n-Vionnet-y-periodistas-2-300x225.jpg 300w, http:\/\/rurallascolonias.com.ar\/wp-content\/uploads\/2016\/04\/reuni\u00f3n-Vionnet-y-periodistas-2-768x576.jpg 768w, http:\/\/rurallascolonias.com.ar\/wp-content\/uploads\/2016\/04\/reuni\u00f3n-Vionnet-y-periodistas-2-600x450.jpg 600w, http:\/\/rurallascolonias.com.ar\/wp-content\/uploads\/2016\/04\/reuni\u00f3n-Vionnet-y-periodistas-2-624x468.jpg 624w, http:\/\/rurallascolonias.com.ar\/wp-content\/uploads\/2016\/04\/reuni\u00f3n-Vionnet-y-periodistas-2.jpg 960w\" sizes=\"(max-width: 300px) 100vw, 300px\" \/><\/a>Institucionalizaci\u00f3n de la comercializaci\u00f3n de leche en la Argentina, mercados transparentes de toda la cadena l\u00e1ctea y reglas de juego claras, son algunos de los puntos que desde CRA se vienen reclamando en pos de salir de la crisis que atraviesa la producci\u00f3n lechera nacional desde hace a\u00f1os.<\/p>\n<p>Entre los dirigentes presentes, estuvieron el presidente de CARSFE, Gustavo Vionnet, el coordinador de la Mesa Nacional Lechera en representaci\u00f3n por CRA, Jes\u00fas Vanzetti y Andrea Passerini, dirigente tambera de Carbap, entre otros.<\/p>\n<p>Dentro del panorama actual los tamberos de todas las cuencas lecheras est\u00e1n atravesando una crisis terminal en la que miles de productores est\u00e1n arrastrados a una quiebra como empresa, a ra\u00edz principalmente de los bajos precios que reciben por su leche cruda.<\/p>\n<p>Durante el encuentro con la prensa se trataron temas como la relaci\u00f3n privada entre la producci\u00f3n y la industria, las \u00faltimas medidas tomadas por el gobierno nacional en materia lechera, y las necesidades urgentes del sector productivo. Adem\u00e1s cada representante de la lecher\u00eda expuso la situaci\u00f3n clim\u00e1tica de graves lluvias que est\u00e1 complicando a\u00fan m\u00e1s la situaci\u00f3n.<\/p>\n<\/div>\n","protected":false},"excerpt":{"rendered":"<p>Dentro de una acci\u00f3n de comunicaci\u00f3n de CRA, dirigentes tamberos integrantes de la Comisi\u00f3n de Lecher\u00eda de la entidad se reunieron con periodistas agroalimentarios de la agrupaci\u00f3n La Porte\u00f1a con el fin de debatir es el escenario actual de la lecher\u00eda de la Argentina<\/p>\n","protected":false},"author":5,"featured_media":0,"comment_status":"open","ping_status":"open","sticky":false,"template":"","format":"standard","meta":[],"categories":[42],"tags":[2784,2785],"_links":{"self":[{"href":"http:\/\/rurallascolonias.com.ar\/index.php?rest_route=\/wp\/v2\/posts\/10360"}],"collection":[{"href":"http:\/\/rurallascolonias.com.ar\/index.php?rest_route=\/wp\/v2\/posts"}],"about":[{"href":"http:\/\/rurallascolonias.com.ar\/index.php?rest_route=\/wp\/v2\/types\/post"}],"author":[{"embeddable":true,"href":"http:\/\/rurallascolonias.com.ar\/index.php?rest_route=\/wp\/v2\/users\/5"}],"replies":[{"embeddable":true,"href":"http:\/\/rurallascolonias.com.ar\/index.php?rest_route=%2Fwp%2Fv2%2Fcomments&post=10360"}],"version-history":[{"count":1,"href":"http:\/\/rurallascolonias.com.ar\/index.php?rest_route=\/wp\/v2\/posts\/10360\/revisions"}],"predecessor-version":[{"id":10363,"href":"http:\/\/rurallascolonias.com.ar\/index.php?rest_route=\/wp\/v2\/posts\/10360\/revisions\/10363"}],"wp:attachment":[{"href":"http:\/\/rurallascolonias.com.ar\/index.php?rest_route=%2Fwp%2Fv2%2Fmedia&parent=10360"}],"wp:term":[{"taxonomy":"category","embeddable":true,"href":"http:\/\/rurallascolonias.com.ar\/index.php?rest_route=%2Fwp%2Fv2%2Fcategories&post=10360"},{"taxonomy":"post_tag","embeddable":true,"href":"http:\/\/rurallascolonias.com.ar\/index.php?rest_route=%2Fwp%2Fv2%2Ftags&post=10360"}],"curies":[{"name":"wp","href":"https:\/\/api.w.org\/{rel}","templated":true}]}}