{"id":10343,"date":"2016-04-12T10:05:32","date_gmt":"2016-04-12T10:05:32","guid":{"rendered":"http:\/\/rurallascolonias.com.ar\/?p=10343"},"modified":"2016-04-12T12:05:48","modified_gmt":"2016-04-12T12:05:48","slug":"vionnet-el-clima-ocasiono-un-verdadero-desastre","status":"publish","type":"post","link":"http:\/\/rurallascolonias.com.ar\/?p=10343","title":{"rendered":"Vionnet: \u201cEl clima ocasion\u00f3 un verdadero desastre\u201d"},"content":{"rendered":"<p><em><strong><a href=\"http:\/\/rurallascolonias.com.ar\/?attachment_id=10344\" rel=\"attachment wp-att-10344\"><img loading=\"lazy\" class=\"aligncenter size-full wp-image-10344\" src=\"http:\/\/rurallascolonias.com.ar\/wp-content\/uploads\/2016\/04\/campo-inundado.jpg\" alt=\"campo inundado\" width=\"259\" height=\"194\" \/><\/a>El titular de la Confederaci\u00f3n de Asociaciones Rurales de la provincia de Santa Fe, Gustavo Vionnet, calific\u00f3 la situaci\u00f3n de la producci\u00f3n en su conjunto como \u201cun verdadero desastre, que ya tiene y tendr\u00e1 graves secuelas econ\u00f3micas\u201d<\/strong><\/em><!--more--><\/p>\n<p>&nbsp;<\/p>\n<p class=\"x-texto\">El titular de la Confederaci\u00f3n de Asociaciones Rurales de la provincia de Santa Fe (Carsfe) declar\u00f3 a El Litoral que son muy contados los sitios del territorio provincial que no est\u00e1n afectados de una u otra forma, y de manera grave, por la continuidad de lluvias y malas condiciones clim\u00e1ticas.<\/p>\n<p class=\"x-texto\">En declaraciones a El Litoral, el dirigente esperancino calific\u00f3 a la situaci\u00f3n como \u201cun verdadero desastre clim\u00e1tico\u201d que afecta por igual a toda forma de producci\u00f3n en la provincia. \u201cHay campos anegados desde hace varios d\u00edas, caminos destruidos y p\u00e9rdida de rinde y calidad en las cosechas. Para los tambos, adem\u00e1s, es una situaci\u00f3n terminal y casi un golpe de gracias\u201d, sostuvo.<\/p>\n<p class=\"x-texto\">En su repaso de la situaci\u00f3n, Vionnet record\u00f3 que llueve desde hace dos semanas y no hay pron\u00f3sticos de mejora clim\u00e1tica inmediata y que esta situaci\u00f3n que afecta tantos a zonas urbanizadas como al campo, en el caso particular de la producci\u00f3n dejar\u00e1 secuelas graves. \u201cEs una situaci\u00f3n de quebranto. Ning\u00fan campo aguanta promedios de quinientos mil\u00edmetros y lluvias constantes desde hace catorce d\u00edas\u201d<\/p>\n<p class=\"x-texto\">En el caso de la soja, adem\u00e1s de la falta de piso, se advierten granos brotados y habr\u00e1, vaticin\u00f3, \u201cuna segura disminuci\u00f3n de rinde y calidad\u201d.<\/p>\n<p class=\"x-texto-subtitulo\">Situaci\u00f3n desesperante para los tambos<\/p>\n<p class=\"x-texto\">El titular de Carsfe se\u00f1al\u00f3 que tambi\u00e9n la zona tambera se ve seriamente afectada por la continuidad de las lluvias, que afecta en todos los aspectos el desempe\u00f1o normal de la actividad: no hay pasturas, hay una merma vertical de la producci\u00f3n, los caminos rurales est\u00e1n y estar\u00e1n intransitables por mucho tiempo.<\/p>\n<p class=\"x-texto\">\u201cAl final -dijo ir\u00f3nicamente Vionnet- se consigui\u00f3 lo que quer\u00eda el gobierno nacional: una baja sensible de la producci\u00f3n, aunque debido a un desastre clim\u00e1tico. Este desastre no es reversible en el corto plazo. Ahora hay una ca\u00edda de la producci\u00f3n de entre 30 y 40 %; y ni las industrias ni los supermercados se dieron cuenta\u201d.<\/p>\n<p class=\"x-texto-subtitulo\">Providencia: encarar las secuelas<\/p>\n<p class=\"x-texto\">Por otra parte, el arroyo Culul\u00fa que cort\u00f3 por varios d\u00edas el acceso este a la localidad de Providencia por Ruta 62 baj\u00f3 por fin y permiti\u00f3 restablecer el tr\u00e1nsito vehicular, aunque la calzada y las cabeceras de los aliviadores est\u00e1n muy deterioradas.<\/p>\n<p class=\"x-texto\">En la planta urbana de la localidad del norte del departamento Las Colonias segu\u00eda hoy lloviznando o lloviendo de a ratos, en una pesadilla de dos semanas que ya acumula m\u00e1s de 550 mil\u00edmetros precipitados.<\/p>\n<p class=\"x-texto\">La comuna comenzar\u00e1 a evacuar a algunas de las cincuenta familias con mayores problemas en sus viviendas -agua en las habitaciones, filtraciones- para reubicarlas en las salones de ambos clubes de la localidad.<\/p>\n<p class=\"x-texto\">Por otro lado, calles y caminos rurales est\u00e1n pr\u00e1cticamente intransitables y el ripio que ten\u00edan, literalmente desapareci\u00f3.<\/p>\n<p class=\"x-texto\">La comuna agradeci\u00f3 los aportes solidarios provenientes de otras localidades -Franck y Esperanza, por ejemplo- as\u00ed como la acci\u00f3n de Defensa Civil y de Desarrollo Social, pero a la vez reclamaron fondos para encarar la reconstrucci\u00f3n del pueblo y su zona de influencia, ni bien las condiciones clim\u00e1ticas lo permitan; as\u00ed como una soluci\u00f3n para la -por tramos- inexistente calzada de la Ruta 62.<\/p>\n<p class=\"x-texto\">Fuente El Litoral \/ Foto enviada por whatsaap a EDXD, tambo en la regi\u00f3n.<\/p>\n","protected":false},"excerpt":{"rendered":"<p>El titular de la Confederaci\u00f3n de Asociaciones Rurales de la provincia de Santa Fe, Gustavo Vionnet, calific\u00f3 la situaci\u00f3n de la producci\u00f3n en su conjunto como \u201cun verdadero desastre, que ya tiene y tendr\u00e1 graves secuelas econ\u00f3micas\u201d<\/p>\n","protected":false},"author":5,"featured_media":0,"comment_status":"open","ping_status":"open","sticky":false,"template":"","format":"standard","meta":[],"categories":[42],"tags":[91,2780,188,2779],"_links":{"self":[{"href":"http:\/\/rurallascolonias.com.ar\/index.php?rest_route=\/wp\/v2\/posts\/10343"}],"collection":[{"href":"http:\/\/rurallascolonias.com.ar\/index.php?rest_route=\/wp\/v2\/posts"}],"about":[{"href":"http:\/\/rurallascolonias.com.ar\/index.php?rest_route=\/wp\/v2\/types\/post"}],"author":[{"embeddable":true,"href":"http:\/\/rurallascolonias.com.ar\/index.php?rest_route=\/wp\/v2\/users\/5"}],"replies":[{"embeddable":true,"href":"http:\/\/rurallascolonias.com.ar\/index.php?rest_route=%2Fwp%2Fv2%2Fcomments&post=10343"}],"version-history":[{"count":1,"href":"http:\/\/rurallascolonias.com.ar\/index.php?rest_route=\/wp\/v2\/posts\/10343\/revisions"}],"predecessor-version":[{"id":10345,"href":"http:\/\/rurallascolonias.com.ar\/index.php?rest_route=\/wp\/v2\/posts\/10343\/revisions\/10345"}],"wp:attachment":[{"href":"http:\/\/rurallascolonias.com.ar\/index.php?rest_route=%2Fwp%2Fv2%2Fmedia&parent=10343"}],"wp:term":[{"taxonomy":"category","embeddable":true,"href":"http:\/\/rurallascolonias.com.ar\/index.php?rest_route=%2Fwp%2Fv2%2Fcategories&post=10343"},{"taxonomy":"post_tag","embeddable":true,"href":"http:\/\/rurallascolonias.com.ar\/index.php?rest_route=%2Fwp%2Fv2%2Ftags&post=10343"}],"curies":[{"name":"wp","href":"https:\/\/api.w.org\/{rel}","templated":true}]}}