{"id":10315,"date":"2016-04-11T16:30:20","date_gmt":"2016-04-11T16:30:20","guid":{"rendered":"http:\/\/rurallascolonias.com.ar\/?p=10315"},"modified":"2016-04-11T16:30:20","modified_gmt":"2016-04-11T16:30:20","slug":"llueve-sobre-mojado","status":"publish","type":"post","link":"http:\/\/rurallascolonias.com.ar\/?p=10315","title":{"rendered":"Llueve sobre mojado"},"content":{"rendered":"<p><em><strong><a href=\"http:\/\/rurallascolonias.com.ar\/?attachment_id=10316\" rel=\"attachment wp-att-10316\"><img loading=\"lazy\" class=\"aligncenter size-full wp-image-10316\" src=\"http:\/\/rurallascolonias.com.ar\/wp-content\/uploads\/2016\/04\/campos-inundados.jpg\" alt=\"campos inundados\" width=\"300\" height=\"300\" srcset=\"http:\/\/rurallascolonias.com.ar\/wp-content\/uploads\/2016\/04\/campos-inundados.jpg 300w, http:\/\/rurallascolonias.com.ar\/wp-content\/uploads\/2016\/04\/campos-inundados-150x150.jpg 150w\" sizes=\"(max-width: 300px) 100vw, 300px\" \/><\/a>Si algo le faltaba a los tamberos y arroceros santafesinos eran estas intensas precipitaciones. La entrada al invierno transcurrir\u00e1 en las peores condiciones. Las gram\u00edneas le devuelven esperanza a una agricultura m\u00e1s sustentable<\/strong><\/em><!--more--><\/p>\n<p>La tormenta perfecta de la lecher\u00eda argentina inclu\u00eda hasta la semana pasada las variables por todos conocidas: un precio tranqueras adentro que es la mitad del costo de producci\u00f3n; un sobrestock de mercader\u00eda dif\u00edcil de colocar en el mercado externo; y el precio del ma\u00edz disparado. El \u00faltimo ingrediente lo aportaron las \u00faltimas precipitaciones, las que condicionan severamente el otro insumo alimenticio: las pasturas. Los caminos rurales, verdaderos pantanos intransitables, dificultan todav\u00eda m\u00e1s la extracci\u00f3n de la producci\u00f3n.<\/p>\n<p>Sobre la Ruta Provincial 1, el fen\u00f3meno tambi\u00e9n le pega duro al arroz, que en su \u00faltima etapa de cosecha, refleja una campa\u00f1a para el olvido, la que tambi\u00e9n fue marcada a fuego por los problemas agron\u00f3micos, clim\u00e1ticos y de mercado. Las fotos a\u00e9reas sobre Colonia Teresa nos recuerdan al a\u00f1o 1983, cuando las aguas del Paran\u00e1 se ense\u00f1orearon de campos y ciudades por igual.<\/p>\n<p>M\u00e1s all\u00e1 del mal momento, se dibujan se\u00f1ales que permiten ver la luz al final del t\u00fanel. En la semana, dos eventos realizados en distintos lugares de la provincia confirman las serias intenciones de volver a apostar por las gram\u00edneas.<\/p>\n<p>En Humboldt y Serodino, tanto una importante cooperativa como AAPRESID volvieron a convocar -capacitaci\u00f3n mediante- a los productores y t\u00e9cnicos para analizar las estrategias sanitarias, financieras y agron\u00f3micas que permitan volver a implementar planteos de rotaci\u00f3n de cultivos que incluyan trigo y ma\u00edz.<\/p>\n<p>Muchos tamberos ya analizan alternativas agr\u00edcolas para cuando liquiden sus rodeos de forma definitiva. Se sabe que el invierno recibir\u00e1 a los tambos santafesinos de la peor manera: sin reservas, con pocas pasturas y con el \u00e1nimo por el suelo. Ya no hay medidas que reviertan la grave crisis sectorial. El problema explot\u00f3, y como me dijo un tambero esta semana, \u201cahora solo resta esperar que baje el agua, y ver c\u00f3mo recomponemos la situaci\u00f3n\u201d. Sobre llovido mojado, es verdad. Pero cada vez que llovi\u00f3, tambi\u00e9n par\u00f3.<\/p>\n<p>Fuente: campolitoral.com.ar<\/p>\n<div class=\"tag-action\"><span class=\"title-action\">\u00a0<\/span><\/div>\n","protected":false},"excerpt":{"rendered":"<p>Si algo le faltaba a los tamberos y arroceros santafesinos eran estas intensas precipitaciones. La entrada al invierno transcurrir\u00e1 en las peores condiciones. Las gram\u00edneas le devuelven esperanza a una agricultura m\u00e1s sustentable<\/p>\n","protected":false},"author":5,"featured_media":0,"comment_status":"open","ping_status":"open","sticky":false,"template":"","format":"standard","meta":[],"categories":[42],"tags":[2763,2764,2765],"_links":{"self":[{"href":"http:\/\/rurallascolonias.com.ar\/index.php?rest_route=\/wp\/v2\/posts\/10315"}],"collection":[{"href":"http:\/\/rurallascolonias.com.ar\/index.php?rest_route=\/wp\/v2\/posts"}],"about":[{"href":"http:\/\/rurallascolonias.com.ar\/index.php?rest_route=\/wp\/v2\/types\/post"}],"author":[{"embeddable":true,"href":"http:\/\/rurallascolonias.com.ar\/index.php?rest_route=\/wp\/v2\/users\/5"}],"replies":[{"embeddable":true,"href":"http:\/\/rurallascolonias.com.ar\/index.php?rest_route=%2Fwp%2Fv2%2Fcomments&post=10315"}],"version-history":[{"count":1,"href":"http:\/\/rurallascolonias.com.ar\/index.php?rest_route=\/wp\/v2\/posts\/10315\/revisions"}],"predecessor-version":[{"id":10317,"href":"http:\/\/rurallascolonias.com.ar\/index.php?rest_route=\/wp\/v2\/posts\/10315\/revisions\/10317"}],"wp:attachment":[{"href":"http:\/\/rurallascolonias.com.ar\/index.php?rest_route=%2Fwp%2Fv2%2Fmedia&parent=10315"}],"wp:term":[{"taxonomy":"category","embeddable":true,"href":"http:\/\/rurallascolonias.com.ar\/index.php?rest_route=%2Fwp%2Fv2%2Fcategories&post=10315"},{"taxonomy":"post_tag","embeddable":true,"href":"http:\/\/rurallascolonias.com.ar\/index.php?rest_route=%2Fwp%2Fv2%2Ftags&post=10315"}],"curies":[{"name":"wp","href":"https:\/\/api.w.org\/{rel}","templated":true}]}}