{"id":10269,"date":"2016-04-06T16:40:31","date_gmt":"2016-04-06T16:40:31","guid":{"rendered":"http:\/\/rurallascolonias.com.ar\/?p=10269"},"modified":"2016-04-06T16:40:31","modified_gmt":"2016-04-06T16:40:31","slug":"cortaron-la-ruta-62-entre-maria-luisa-y-providencia","status":"publish","type":"post","link":"http:\/\/rurallascolonias.com.ar\/?p=10269","title":{"rendered":"Cortaron la ruta 62 entre Mar\u00eda Luisa y Providencia"},"content":{"rendered":"<p><em><strong><a href=\"http:\/\/rurallascolonias.com.ar\/?attachment_id=10270\" rel=\"attachment wp-att-10270\"><img loading=\"lazy\" class=\"aligncenter wp-image-10270 size-medium\" src=\"http:\/\/rurallascolonias.com.ar\/wp-content\/uploads\/2016\/04\/RUTA-62-Corte-total-3-300x169.jpg\" alt=\"RUTA-62-Corte-total-3\" width=\"300\" height=\"169\" srcset=\"http:\/\/rurallascolonias.com.ar\/wp-content\/uploads\/2016\/04\/RUTA-62-Corte-total-3-300x169.jpg 300w, http:\/\/rurallascolonias.com.ar\/wp-content\/uploads\/2016\/04\/RUTA-62-Corte-total-3-768x432.jpg 768w, http:\/\/rurallascolonias.com.ar\/wp-content\/uploads\/2016\/04\/RUTA-62-Corte-total-3-600x338.jpg 600w, http:\/\/rurallascolonias.com.ar\/wp-content\/uploads\/2016\/04\/RUTA-62-Corte-total-3-624x351.jpg 624w, http:\/\/rurallascolonias.com.ar\/wp-content\/uploads\/2016\/04\/RUTA-62-Corte-total-3.jpg 960w\" sizes=\"(max-width: 300px) 100vw, 300px\" \/><\/a>La Agencia Provincial de Seguridad Vial inform\u00f3 que al corte de tr\u00e1nsito dispuesto en la ruta 4 entre Mar\u00eda Luisa y San Crist\u00f3bal se suma otro corte total de tr\u00e1nsito el norte de Las Colonias, en la ruta 63 entre Providencia y Mar\u00eda Luisa<\/strong><\/em><!--more--><\/p>\n<p>&nbsp;<\/p>\n<p>Debido a la cantidad de agua del Arroyo Culul\u00fa que pasa sobre la ruta provincial 62, la Agencia de Seguridad Vial y Vialidad Provincial dispusieron el corte total de tr\u00e1nsito para el tramo que comunica a Providencia con Mar\u00eda Luisa.<\/p>\n<p><a href=\"http:\/\/rurallascolonias.com.ar\/?attachment_id=10271\" rel=\"attachment wp-att-10271\"><img loading=\"lazy\" class=\"aligncenter wp-image-10271 size-medium\" src=\"http:\/\/rurallascolonias.com.ar\/wp-content\/uploads\/2016\/04\/RUTA-62-Corte-total-2-300x169.jpg\" alt=\"RUTA-62-Corte-total-2\" width=\"300\" height=\"169\" srcset=\"http:\/\/rurallascolonias.com.ar\/wp-content\/uploads\/2016\/04\/RUTA-62-Corte-total-2-300x169.jpg 300w, http:\/\/rurallascolonias.com.ar\/wp-content\/uploads\/2016\/04\/RUTA-62-Corte-total-2-768x432.jpg 768w, http:\/\/rurallascolonias.com.ar\/wp-content\/uploads\/2016\/04\/RUTA-62-Corte-total-2-600x338.jpg 600w, http:\/\/rurallascolonias.com.ar\/wp-content\/uploads\/2016\/04\/RUTA-62-Corte-total-2-624x351.jpg 624w, http:\/\/rurallascolonias.com.ar\/wp-content\/uploads\/2016\/04\/RUTA-62-Corte-total-2.jpg 960w\" sizes=\"(max-width: 300px) 100vw, 300px\" \/><\/a><\/p>\n<p>&nbsp;<\/p>\n<p>Primero hab\u00edan vedado el tr\u00e1nsito pesado en el lugar y ahora la prohibici\u00f3n de paso es total. Recomiendan a camiones y autom\u00f3viles transitar por la ruta 80 S entre Ataliva, Sarmiento y Progreso.<\/p>\n<p>&nbsp;<\/p>\n<p>Tambi\u00e9n est\u00e1 cortada la ruta 4 entre Mar\u00eda Luisa y San Crist\u00f3bal por el agua acumulada sobre la calzada en el puente La Nelson, kil\u00f3metro 131 de esa arteria, debido a la cantidad de agua que pasa por el Arroyo San Antonio.<\/p>\n<p>&nbsp;<\/p>\n<p>Las im\u00e1genes que ilustran esta nota pertenecen a ambos cortes sobre la ruta 4 y sobre la ruta 62.-<\/p>\n<p>&nbsp;<\/p>\n<p>&nbsp;<\/p>\n<p>Galer\u00eda de Im\u00e1genes redes sociales APSV y Beatriz Mangeri<\/p>\n","protected":false},"excerpt":{"rendered":"<p>La Agencia Provincial de Seguridad Vial inform\u00f3 que al corte de tr\u00e1nsito dispuesto en la ruta 4 entre Mar\u00eda Luisa y San Crist\u00f3bal se suma otro corte total de tr\u00e1nsito el norte de Las Colonias, en la ruta 63 entre Providencia y Mar\u00eda Luisa<\/p>\n","protected":false},"author":5,"featured_media":0,"comment_status":"open","ping_status":"open","sticky":false,"template":"","format":"standard","meta":[],"categories":[42],"tags":[2753,2754,2752,2751],"_links":{"self":[{"href":"http:\/\/rurallascolonias.com.ar\/index.php?rest_route=\/wp\/v2\/posts\/10269"}],"collection":[{"href":"http:\/\/rurallascolonias.com.ar\/index.php?rest_route=\/wp\/v2\/posts"}],"about":[{"href":"http:\/\/rurallascolonias.com.ar\/index.php?rest_route=\/wp\/v2\/types\/post"}],"author":[{"embeddable":true,"href":"http:\/\/rurallascolonias.com.ar\/index.php?rest_route=\/wp\/v2\/users\/5"}],"replies":[{"embeddable":true,"href":"http:\/\/rurallascolonias.com.ar\/index.php?rest_route=%2Fwp%2Fv2%2Fcomments&post=10269"}],"version-history":[{"count":1,"href":"http:\/\/rurallascolonias.com.ar\/index.php?rest_route=\/wp\/v2\/posts\/10269\/revisions"}],"predecessor-version":[{"id":10272,"href":"http:\/\/rurallascolonias.com.ar\/index.php?rest_route=\/wp\/v2\/posts\/10269\/revisions\/10272"}],"wp:attachment":[{"href":"http:\/\/rurallascolonias.com.ar\/index.php?rest_route=%2Fwp%2Fv2%2Fmedia&parent=10269"}],"wp:term":[{"taxonomy":"category","embeddable":true,"href":"http:\/\/rurallascolonias.com.ar\/index.php?rest_route=%2Fwp%2Fv2%2Fcategories&post=10269"},{"taxonomy":"post_tag","embeddable":true,"href":"http:\/\/rurallascolonias.com.ar\/index.php?rest_route=%2Fwp%2Fv2%2Ftags&post=10269"}],"curies":[{"name":"wp","href":"https:\/\/api.w.org\/{rel}","templated":true}]}}