{"id":1020,"date":"2014-01-21T14:26:15","date_gmt":"2014-01-21T14:26:15","guid":{"rendered":"http:\/\/rurallascolonias.com.ar\/?p=1020"},"modified":"2014-01-21T14:26:15","modified_gmt":"2014-01-21T14:26:15","slug":"exportaciones-argentinas-de-lacteos-debajo-de-2012","status":"publish","type":"post","link":"http:\/\/rurallascolonias.com.ar\/?p=1020","title":{"rendered":"EXPORTACIONES ARGENTINAS DE L\u00c1CTEOS DEBAJO DE 2012"},"content":{"rendered":"<p><a href=\"http:\/\/rurallascolonias.com.ar\/wp-content\/uploads\/2014\/01\/exportaciones-de-l\u00e1cteos.jpg\"><img loading=\"lazy\" class=\"aligncenter size-full wp-image-1021\" alt=\"exportaciones de l\u00e1cteos\" src=\"http:\/\/rurallascolonias.com.ar\/wp-content\/uploads\/2014\/01\/exportaciones-de-l\u00e1cteos.jpg\" width=\"290\" height=\"174\" \/><\/a>Las exportaciones de productos l\u00e1cteos de Argentina se estaban quedando ligeramente por detr\u00e1s de 2012, en t\u00e9rminos de volumen despu\u00e9s de los primeros 11 meses de 2013, aunque siguen siendo m\u00e1s altos que la media quinquenal. <!--more-->Las ventas al exterior para el per\u00edodo enero-noviembre fueron un 19% m\u00e1s que el promedio de cinco a\u00f1os pero 3% menores que en 2012. Como es t\u00edpico en la final de la zafra gran parte de las exportaciones fueron a Argelia, mientras que las colocaciones en los pa\u00edses sudamericanos como Brasil y Venezuela se mantuvieron m\u00e1s estable durante todo el a\u00f1o. Cerca de la mitad de las exportaciones de Argentina en el a\u00f1o a noviembre fueron la leche entera en polvo. La mayor\u00eda de esta mercader\u00eda fue a Venezuela, seguido de cerca por Argelia. En el segundo semestre de 2013, por primera vez hubo exportaciones de leche entera en polvo consistentes a China, en l\u00ednea con lo que aconteci\u00f3 con Uruguay. Debido a los altos precios mundiales de las materias primas l\u00e1cteas, el valor total de las exportaciones argentinas fue superior al de2012, apesar del volumen total menor. La producci\u00f3n lechera de Argentina, sin embargo, se destina en su mayor\u00eda al consumo interno, con s\u00f3lo un 20% de saldo exportable. El peso argentino sufre una enorme inflaci\u00f3n y el gobierno impone aranceles a la exportaci\u00f3n con el fin de proteger los precios internos.<\/p>\n<p>Fuente: tardaguila.uy<\/p>\n","protected":false},"excerpt":{"rendered":"<p>Las exportaciones de productos l\u00e1cteos de Argentina se estaban quedando ligeramente por detr\u00e1s de 2012, en t\u00e9rminos de volumen despu\u00e9s de los primeros 11 meses de 2013, aunque siguen siendo m\u00e1s altos que la media quinquenal.<\/p>\n","protected":false},"author":5,"featured_media":0,"comment_status":"closed","ping_status":"closed","sticky":false,"template":"","format":"standard","meta":[],"categories":[46],"tags":[105,9],"_links":{"self":[{"href":"http:\/\/rurallascolonias.com.ar\/index.php?rest_route=\/wp\/v2\/posts\/1020"}],"collection":[{"href":"http:\/\/rurallascolonias.com.ar\/index.php?rest_route=\/wp\/v2\/posts"}],"about":[{"href":"http:\/\/rurallascolonias.com.ar\/index.php?rest_route=\/wp\/v2\/types\/post"}],"author":[{"embeddable":true,"href":"http:\/\/rurallascolonias.com.ar\/index.php?rest_route=\/wp\/v2\/users\/5"}],"replies":[{"embeddable":true,"href":"http:\/\/rurallascolonias.com.ar\/index.php?rest_route=%2Fwp%2Fv2%2Fcomments&post=1020"}],"version-history":[{"count":1,"href":"http:\/\/rurallascolonias.com.ar\/index.php?rest_route=\/wp\/v2\/posts\/1020\/revisions"}],"predecessor-version":[{"id":1022,"href":"http:\/\/rurallascolonias.com.ar\/index.php?rest_route=\/wp\/v2\/posts\/1020\/revisions\/1022"}],"wp:attachment":[{"href":"http:\/\/rurallascolonias.com.ar\/index.php?rest_route=%2Fwp%2Fv2%2Fmedia&parent=1020"}],"wp:term":[{"taxonomy":"category","embeddable":true,"href":"http:\/\/rurallascolonias.com.ar\/index.php?rest_route=%2Fwp%2Fv2%2Fcategories&post=1020"},{"taxonomy":"post_tag","embeddable":true,"href":"http:\/\/rurallascolonias.com.ar\/index.php?rest_route=%2Fwp%2Fv2%2Ftags&post=1020"}],"curies":[{"name":"wp","href":"https:\/\/api.w.org\/{rel}","templated":true}]}}