{"id":10198,"date":"2016-03-30T10:44:37","date_gmt":"2016-03-30T10:44:37","guid":{"rendered":"http:\/\/rurallascolonias.com.ar\/?p=10198"},"modified":"2016-03-30T17:49:43","modified_gmt":"2016-03-30T17:49:43","slug":"fallecio-norberto-strasser","status":"publish","type":"post","link":"http:\/\/rurallascolonias.com.ar\/?p=10198","title":{"rendered":"FALLECI\u00d3 NORBERTO STRASSER"},"content":{"rendered":"<p><a href=\"http:\/\/rurallascolonias.com.ar\/?attachment_id=10205\" rel=\"attachment wp-att-10205\"><img loading=\"lazy\" class=\"alignleft size-full wp-image-10205\" src=\"http:\/\/rurallascolonias.com.ar\/wp-content\/uploads\/2016\/03\/norbertostraser.jpg\" alt=\"norbertostraser\" width=\"251\" height=\"251\" srcset=\"http:\/\/rurallascolonias.com.ar\/wp-content\/uploads\/2016\/03\/norbertostraser.jpg 251w, http:\/\/rurallascolonias.com.ar\/wp-content\/uploads\/2016\/03\/norbertostraser-150x150.jpg 150w\" sizes=\"(max-width: 251px) 100vw, 251px\" \/><\/a>Quienes formamos parte de la Sociedad Rural de Las Colonias, lamentamos la desaparici\u00f3n f\u00edsica de Norberto Rub\u00e9n Strasser (Beto) quien falleci\u00f3 el pasado lunes 28 de marzo a los 74 a\u00f1os. \u00a0Fue Un activo dirigente que aport\u00f3 durante a\u00f1os sus conocimientos en temas rurales y excelente compa\u00f1ero.<\/p>\n<p>Acompa\u00f1amos a toda su familia en su dolor<!--more--><\/p>\n<p>Sociedad Rural de Las Colonias<\/p>\n","protected":false},"excerpt":{"rendered":"<p>Quienes formamos parte de la Sociedad Rural de Las Colonias, lamentamos la desaparici\u00f3n f\u00edsica de Norberto Rub\u00e9n Strasser (Beto) quien falleci\u00f3 el pasado lunes 28 de marzo a los 74 a\u00f1os. \u00a0Fue Un activo dirigente que aport\u00f3 durante a\u00f1os sus conocimientos en temas rurales y excelente compa\u00f1ero. Acompa\u00f1amos a toda su familia en su dolor<\/p>\n","protected":false},"author":5,"featured_media":0,"comment_status":"open","ping_status":"open","sticky":false,"template":"","format":"standard","meta":[],"categories":[1],"tags":[],"_links":{"self":[{"href":"http:\/\/rurallascolonias.com.ar\/index.php?rest_route=\/wp\/v2\/posts\/10198"}],"collection":[{"href":"http:\/\/rurallascolonias.com.ar\/index.php?rest_route=\/wp\/v2\/posts"}],"about":[{"href":"http:\/\/rurallascolonias.com.ar\/index.php?rest_route=\/wp\/v2\/types\/post"}],"author":[{"embeddable":true,"href":"http:\/\/rurallascolonias.com.ar\/index.php?rest_route=\/wp\/v2\/users\/5"}],"replies":[{"embeddable":true,"href":"http:\/\/rurallascolonias.com.ar\/index.php?rest_route=%2Fwp%2Fv2%2Fcomments&post=10198"}],"version-history":[{"count":2,"href":"http:\/\/rurallascolonias.com.ar\/index.php?rest_route=\/wp\/v2\/posts\/10198\/revisions"}],"predecessor-version":[{"id":10206,"href":"http:\/\/rurallascolonias.com.ar\/index.php?rest_route=\/wp\/v2\/posts\/10198\/revisions\/10206"}],"wp:attachment":[{"href":"http:\/\/rurallascolonias.com.ar\/index.php?rest_route=%2Fwp%2Fv2%2Fmedia&parent=10198"}],"wp:term":[{"taxonomy":"category","embeddable":true,"href":"http:\/\/rurallascolonias.com.ar\/index.php?rest_route=%2Fwp%2Fv2%2Fcategories&post=10198"},{"taxonomy":"post_tag","embeddable":true,"href":"http:\/\/rurallascolonias.com.ar\/index.php?rest_route=%2Fwp%2Fv2%2Ftags&post=10198"}],"curies":[{"name":"wp","href":"https:\/\/api.w.org\/{rel}","templated":true}]}}