{"id":10193,"date":"2016-03-30T11:04:40","date_gmt":"2016-03-30T11:04:40","guid":{"rendered":"http:\/\/rurallascolonias.com.ar\/?p=10193"},"modified":"2016-03-30T11:05:01","modified_gmt":"2016-03-30T11:05:01","slug":"alonso-esperamos-medidas-contundentes-y-madurez","status":"publish","type":"post","link":"http:\/\/rurallascolonias.com.ar\/?p=10193","title":{"rendered":"Alonso: \u201cEsperamos medidas contundentes y madurez\u201d"},"content":{"rendered":"<p><strong><em><a href=\"http:\/\/rurallascolonias.com.ar\/?attachment_id=7340\" rel=\"attachment wp-att-7340\"><img loading=\"lazy\" class=\"alignleft wp-image-7340 size-medium\" src=\"http:\/\/rurallascolonias.com.ar\/wp-content\/uploads\/2015\/07\/peco-alonso-2-300x300.jpg\" alt=\"peco alonso 2\" width=\"300\" height=\"300\" srcset=\"http:\/\/rurallascolonias.com.ar\/wp-content\/uploads\/2015\/07\/peco-alonso-2-300x300.jpg 300w, http:\/\/rurallascolonias.com.ar\/wp-content\/uploads\/2015\/07\/peco-alonso-2-150x150.jpg 150w, http:\/\/rurallascolonias.com.ar\/wp-content\/uploads\/2015\/07\/peco-alonso-2.jpg 426w\" sizes=\"(max-width: 300px) 100vw, 300px\" \/><\/a>El presidente de la Sociedad Rural Las Colonias, Jos\u00e9 Alonso, reiter\u00f3 que los productores lecheros reclaman \u201cvoluntad pol\u00edtica de sentar a todas las partes\u201d de la cadena y que se esperan \u201cmedidas contundentes\u201d del gobierno nacional. Proponen marchar a Plaza de Mayo si no hay respuestas<\/em><\/strong><!--more--><\/p>\n<p>Consultado por las \u00faltimas novedades en el conflicto del sector, Alonso se\u00f1al\u00f3 que \u201chubo un anuncio de compra del stock de leche, pero aparentemente no es la medida que mejorar\u00e1 el precio de la leche\u201d.<\/p>\n<p>Al respecto dijo desconocer \u201ccu\u00e1l ser\u00e1 esa medida\u201d pero reiter\u00f3 que la pretensi\u00f3n de los productores es que \u201cpor lo menos, los dos actores involucrados en el tema que est\u00e1n en mejores condiciones se manifiesten y nos digan en la cara que no tienen buena renta pero que pueden dar un mango m\u00e1s para los productores\u201d.<\/p>\n<p>\u201cNecesitamos voluntad pol\u00edtica de sentar a todas las partes. Qui\u00e9n m\u00e1s que el gobierno nacional tiene la fuerza \u2013si no tiene la ley en la mano- para sentar a todos y obligar a estos se\u00f1ores a que se dignen a entregar una agenda. S\u00e9 que le negaron esa agenda al Ministro de la Producci\u00f3n la semana pasada\u201d, indic\u00f3.<\/p>\n<p>Agreg\u00f3 que \u201cen una situaci\u00f3n cr\u00edtica importante no hay que burlarse de la econom\u00eda nacional que est\u00e1 en una situaci\u00f3n de crisis, cobrando al consumidor un precio de los m\u00e1s altos en el mundo en lecher\u00eda y le est\u00e1n pagando a los productores un precio de quebranto\u201d.<\/p>\n<p>\u201cSi los actores no asumimos que tenemos que sentarnos y poner buena voluntad, somos poco patriotas y hay muy pocas ganas de resolver la problem\u00e1tica nacional, no solamente de la lecher\u00eda porque comercialmente los supermercadistas muestran que no hay voluntad de dialogar\u201d, resumi\u00f3.<\/p>\n<p>Finalmente reiter\u00f3 que la determinaci\u00f3n del sector es realizar una protesta en Plaza de Mayo si luego de la reuni\u00f3n del 7 de abril no hay respuestas del gobierno nacional. \u201cEl pa\u00eds entero est\u00e1 dispuesto a manifestar y esperamos que haya medidas contundentes y que no se crea desde el gobierno y el comercio que esto es cuesti\u00f3n de una foto. Esperamos medidas contundentes y madurez en todos los actores de la cadena\u201d, concluy\u00f3.<\/p>\n<p>Fuente: Esperanza Dia x Dia<\/p>\n","protected":false},"excerpt":{"rendered":"<p>El presidente de la Sociedad Rural Las Colonias, Jos\u00e9 Alonso, reiter\u00f3 que los productores lecheros reclaman \u201cvoluntad pol\u00edtica de sentar a todas las partes\u201d de la cadena y que se esperan \u201cmedidas contundentes\u201d del gobierno nacional. Proponen marchar a Plaza de Mayo si no hay respuestas<\/p>\n","protected":false},"author":5,"featured_media":0,"comment_status":"open","ping_status":"open","sticky":false,"template":"","format":"standard","meta":[],"categories":[46],"tags":[1442,1441],"_links":{"self":[{"href":"http:\/\/rurallascolonias.com.ar\/index.php?rest_route=\/wp\/v2\/posts\/10193"}],"collection":[{"href":"http:\/\/rurallascolonias.com.ar\/index.php?rest_route=\/wp\/v2\/posts"}],"about":[{"href":"http:\/\/rurallascolonias.com.ar\/index.php?rest_route=\/wp\/v2\/types\/post"}],"author":[{"embeddable":true,"href":"http:\/\/rurallascolonias.com.ar\/index.php?rest_route=\/wp\/v2\/users\/5"}],"replies":[{"embeddable":true,"href":"http:\/\/rurallascolonias.com.ar\/index.php?rest_route=%2Fwp%2Fv2%2Fcomments&post=10193"}],"version-history":[{"count":2,"href":"http:\/\/rurallascolonias.com.ar\/index.php?rest_route=\/wp\/v2\/posts\/10193\/revisions"}],"predecessor-version":[{"id":10195,"href":"http:\/\/rurallascolonias.com.ar\/index.php?rest_route=\/wp\/v2\/posts\/10193\/revisions\/10195"}],"wp:attachment":[{"href":"http:\/\/rurallascolonias.com.ar\/index.php?rest_route=%2Fwp%2Fv2%2Fmedia&parent=10193"}],"wp:term":[{"taxonomy":"category","embeddable":true,"href":"http:\/\/rurallascolonias.com.ar\/index.php?rest_route=%2Fwp%2Fv2%2Fcategories&post=10193"},{"taxonomy":"post_tag","embeddable":true,"href":"http:\/\/rurallascolonias.com.ar\/index.php?rest_route=%2Fwp%2Fv2%2Ftags&post=10193"}],"curies":[{"name":"wp","href":"https:\/\/api.w.org\/{rel}","templated":true}]}}