{"id":10147,"date":"2016-03-23T14:04:55","date_gmt":"2016-03-23T14:04:55","guid":{"rendered":"http:\/\/rurallascolonias.com.ar\/?p=10147"},"modified":"2016-03-23T14:04:55","modified_gmt":"2016-03-23T14:04:55","slug":"crisis-en-los-tambos-el-ministro-de-la-produccion-de-santa-fe-dijo-que-hay-cartelizacion-en-el-sector-lacteo","status":"publish","type":"post","link":"http:\/\/rurallascolonias.com.ar\/?p=10147","title":{"rendered":"Crisis en los tambos: el ministro de la Producci\u00f3n de Santa Fe dijo que \u00abhay cartelizaci\u00f3n en el sector l\u00e1cteo\u00bb"},"content":{"rendered":"<p><strong><em><a href=\"http:\/\/rurallascolonias.com.ar\/?attachment_id=10148\" rel=\"attachment wp-att-10148\"><img loading=\"lazy\" class=\"alignleft size-full wp-image-10148\" src=\"http:\/\/rurallascolonias.com.ar\/wp-content\/uploads\/2016\/03\/protesta-2.jpg\" alt=\"protesta 2\" width=\"300\" height=\"168\" \/><\/a>Luis Contigiani consider\u00f3 que, con car\u00e1cter de \u00aburgencia\u00bb, se debe conformar \u00abun comit\u00e9 de crisis a nivel nacional\u00bb<\/em><\/strong><!--more--><\/p>\n<p>Un d\u00eda despu\u00e9s de que los tamberos de varias de las cuencas lecheras realizaran ayer una fuerte jornada de movilizaci\u00f3n en reclamo de una<a class=\"link\" href=\"http:\/\/www.lanacion.com.ar\/1582040-problemas-en-el-sector-lacteo\" target=\"_blank\">urgente recomposici\u00f3n de los precios,<\/a> el ministro de la Producci\u00f3n de Santa Fe, Luis Contigiani, consider\u00f3 que con car\u00e1cter de \u00aburgencia\u00bb se debe conformar \u00abun comit\u00e9 de crisis a nivel nacional\u00bb.<\/p>\n<p>\u00abNo estamos ante un problema de oferta y demanda, sino de cartelizaci\u00f3n, falta de transparencia, y ajuste por los sectores m\u00e1s d\u00e9biles que son el tambero y el consumidor\u00bb, estim\u00f3 el funcionario, quien explic\u00f3 que \u00abla clave para salir de esta crisis recurrente es transparentar la cadena l\u00e1ctea\u00bb.<\/p>\n<p>\u00abLa situaci\u00f3n est\u00e1 muy tensa. Nosotros como gobierno tenemos que estar del lado de la producci\u00f3n, en los 100 pueblos lecheros y los 4100 tambos en Santa Fe\u00bb, advirti\u00f3 Contigiani.<\/p>\n<aside class=\"banner caja3\" data-adpos=\"caja3\">\n<div id=\"eplAdDivcaja3\"><\/div>\n<\/aside>\n<p>En Villa Mar\u00eda, C\u00f3rdoba, luego de haber bloqueado a la empresa Noal, los tamberos levantaron esa medida, pero advirtieron que los retomar\u00e1n si en los pr\u00f3ximos d\u00edas no hay soluciones para la actividad.<\/p>\n<p>En un conferencia de prensa, el ministro de la Producci\u00f3n, que estuvo acompa\u00f1ado por el secretario de Lecher\u00eda de Santa Fe, Pedro Morini, sostuvo que el desaf\u00edo para el gobierno \u00abes poder achicar la diferencia entre precio de origen de leche fluida y de destino, que es del 500 por ciento\u00bb.<\/p>\n<p>Ante estas discordancias dentro de la cadena l\u00e1ctea, Contigiani propuso \u00abla necesidad que se cree un comit\u00e9 de crisis nacional en el que est\u00e9n sentados todos los sectores\u00bb. E insisti\u00f3 en la necesidad de que \u00abeste comit\u00e9 tenga la voluntad pol\u00edtica de encontrar soluciones para la lecher\u00eda, as\u00ed como se encontr\u00f3 para las mineras, para las petroleras y otros sectores. Vemos que no est\u00e1n dando resultado los encuentros bilaterales\u00bb que organiz\u00f3 el gobierno nacional.<\/p>\n<p>El ministro de la Producci\u00f3n de Santa Fe dijo que \u00abhay que encontrar una salida a esta situaci\u00f3n de quebranto que vive la lecher\u00eda\u00bb. Luego se\u00f1al\u00f3 que \u00abse debe partir del principio de la regulaci\u00f3n, no del principio del mercado. Necesitamos un Estado que arbitre, que genere ese nivel de transparencia y que, a partir de un gran acuerdo en esa mesa, se arribe a un precio de salvataje del sector l\u00e1cteo tambero\u00bb.<\/p>\n<p>En Santa Fe se va a poner en marcha de una l\u00ednea especial de cr\u00e9dito para el sector tambero de unos 300 millones de pesos. Esto se canalizada a trav\u00e9s del Nuevo Banco de Santa Fe, entidad que gan\u00f3 la licitaci\u00f3n, y tendr\u00e1 un plan de financiamiento de 24 meses, con tres meses de gracia, a una tasa del 19 % y hasta 600.000 pesos por productor.<\/p>\n<p>Fuente: La Naci\u00f3n<\/p>\n","protected":false},"excerpt":{"rendered":"<p>Luis Contigiani consider\u00f3 que, con car\u00e1cter de \u00aburgencia\u00bb, se debe conformar \u00abun comit\u00e9 de crisis a nivel nacional\u00bb<\/p>\n","protected":false},"author":5,"featured_media":0,"comment_status":"open","ping_status":"open","sticky":false,"template":"","format":"standard","meta":[],"categories":[14],"tags":[2720,2552],"_links":{"self":[{"href":"http:\/\/rurallascolonias.com.ar\/index.php?rest_route=\/wp\/v2\/posts\/10147"}],"collection":[{"href":"http:\/\/rurallascolonias.com.ar\/index.php?rest_route=\/wp\/v2\/posts"}],"about":[{"href":"http:\/\/rurallascolonias.com.ar\/index.php?rest_route=\/wp\/v2\/types\/post"}],"author":[{"embeddable":true,"href":"http:\/\/rurallascolonias.com.ar\/index.php?rest_route=\/wp\/v2\/users\/5"}],"replies":[{"embeddable":true,"href":"http:\/\/rurallascolonias.com.ar\/index.php?rest_route=%2Fwp%2Fv2%2Fcomments&post=10147"}],"version-history":[{"count":1,"href":"http:\/\/rurallascolonias.com.ar\/index.php?rest_route=\/wp\/v2\/posts\/10147\/revisions"}],"predecessor-version":[{"id":10149,"href":"http:\/\/rurallascolonias.com.ar\/index.php?rest_route=\/wp\/v2\/posts\/10147\/revisions\/10149"}],"wp:attachment":[{"href":"http:\/\/rurallascolonias.com.ar\/index.php?rest_route=%2Fwp%2Fv2%2Fmedia&parent=10147"}],"wp:term":[{"taxonomy":"category","embeddable":true,"href":"http:\/\/rurallascolonias.com.ar\/index.php?rest_route=%2Fwp%2Fv2%2Fcategories&post=10147"},{"taxonomy":"post_tag","embeddable":true,"href":"http:\/\/rurallascolonias.com.ar\/index.php?rest_route=%2Fwp%2Fv2%2Ftags&post=10147"}],"curies":[{"name":"wp","href":"https:\/\/api.w.org\/{rel}","templated":true}]}}