{"id":10143,"date":"2016-03-23T13:57:05","date_gmt":"2016-03-23T13:57:05","guid":{"rendered":"http:\/\/rurallascolonias.com.ar\/?p=10143"},"modified":"2016-03-23T13:57:05","modified_gmt":"2016-03-23T13:57:05","slug":"etchevehere-ya-comprobamos-que-cuando-argentina-se-aislo-internacionalmente-no-le-fue-bien","status":"publish","type":"post","link":"http:\/\/rurallascolonias.com.ar\/?p=10143","title":{"rendered":"Etchevehere: \u00abYa comprobamos que cuando Argentina se aisl\u00f3 internacionalmente no le fue bien\u00bb"},"content":{"rendered":"<p><strong><em><a href=\"http:\/\/rurallascolonias.com.ar\/?attachment_id=3256\" rel=\"attachment wp-att-3256\"><img loading=\"lazy\" class=\"alignleft size-full wp-image-3256\" src=\"http:\/\/rurallascolonias.com.ar\/wp-content\/uploads\/2014\/07\/ETCHEVEHERE-2.jpg\" alt=\"ETCHEVEHERE 2\" width=\"299\" height=\"169\" \/><\/a>El presidente de la Sociedad Rural se expres\u00f3 as\u00ed ayer tras reunirse con el director general de la Organizaci\u00f3n Mundial de Comercio (OMC), Roberto Azev\u00eado<\/em><\/strong><!--more--><\/p>\n<p>\u201cYa comprobamos que cuando Argentina se aisl\u00f3 internacionalmente no le fue bien. No estamos solos en el mundo y por eso es clave que como pa\u00eds trabajemos en la competitividad\u201d, se\u00f1al\u00f3 Etchevehere.<\/p>\n<p>Ambos destacaron la importancia de que la OMC haya avanzado en la eliminaci\u00f3n de los subsidios agr\u00edcolas, el a\u00f1o pasado, en Nairobi, y coincidieron en que, tras ese logro, hay que trabajar en una agenda de temas comunes para el agro.<\/p>\n<p>Entre ellos, mencionaron la eliminaci\u00f3n de est\u00e1ndares privados para el acceso a los mercados y la adecuaci\u00f3n de normativas fitosanitarias. Adem\u00e1s, coincidieron en la importancia de trabajar estos temas en alianza con todos los pa\u00edses exportadores de alimentos.<\/p>\n<p>En este sentido, Etchevehere destac\u00f3 el trabajo que se est\u00e1 realizando en el marco de la Organizaci\u00f3n Mundial de Agricultores, donde la Sociedad Rural Argentina participa activamente, en representaci\u00f3n de los productores de Am\u00e9rica Latina.<\/p>\n","protected":false},"excerpt":{"rendered":"<p>El presidente de la Sociedad Rural se expres\u00f3 as\u00ed ayer tras reunirse con el director general de la Organizaci\u00f3n Mundial de Comercio (OMC), Roberto Azev\u00eado<\/p>\n","protected":false},"author":5,"featured_media":0,"comment_status":"open","ping_status":"open","sticky":false,"template":"","format":"standard","meta":[],"categories":[14],"tags":[2718,73,74,2719],"_links":{"self":[{"href":"http:\/\/rurallascolonias.com.ar\/index.php?rest_route=\/wp\/v2\/posts\/10143"}],"collection":[{"href":"http:\/\/rurallascolonias.com.ar\/index.php?rest_route=\/wp\/v2\/posts"}],"about":[{"href":"http:\/\/rurallascolonias.com.ar\/index.php?rest_route=\/wp\/v2\/types\/post"}],"author":[{"embeddable":true,"href":"http:\/\/rurallascolonias.com.ar\/index.php?rest_route=\/wp\/v2\/users\/5"}],"replies":[{"embeddable":true,"href":"http:\/\/rurallascolonias.com.ar\/index.php?rest_route=%2Fwp%2Fv2%2Fcomments&post=10143"}],"version-history":[{"count":1,"href":"http:\/\/rurallascolonias.com.ar\/index.php?rest_route=\/wp\/v2\/posts\/10143\/revisions"}],"predecessor-version":[{"id":10146,"href":"http:\/\/rurallascolonias.com.ar\/index.php?rest_route=\/wp\/v2\/posts\/10143\/revisions\/10146"}],"wp:attachment":[{"href":"http:\/\/rurallascolonias.com.ar\/index.php?rest_route=%2Fwp%2Fv2%2Fmedia&parent=10143"}],"wp:term":[{"taxonomy":"category","embeddable":true,"href":"http:\/\/rurallascolonias.com.ar\/index.php?rest_route=%2Fwp%2Fv2%2Fcategories&post=10143"},{"taxonomy":"post_tag","embeddable":true,"href":"http:\/\/rurallascolonias.com.ar\/index.php?rest_route=%2Fwp%2Fv2%2Ftags&post=10143"}],"curies":[{"name":"wp","href":"https:\/\/api.w.org\/{rel}","templated":true}]}}