{"id":10139,"date":"2016-03-23T13:52:40","date_gmt":"2016-03-23T13:52:40","guid":{"rendered":"http:\/\/rurallascolonias.com.ar\/?p=10139"},"modified":"2016-03-23T13:52:40","modified_gmt":"2016-03-23T13:52:40","slug":"carne-advierten-por-nuevas-subas-en-precio","status":"publish","type":"post","link":"http:\/\/rurallascolonias.com.ar\/?p=10139","title":{"rendered":"Carne: advierten por nuevas subas en precio"},"content":{"rendered":"<div class=\"vsmcontent\">\n<p><em><strong><a href=\"http:\/\/rurallascolonias.com.ar\/?attachment_id=10140\" rel=\"attachment wp-att-10140\"><img loading=\"lazy\" class=\"aligncenter size-full wp-image-10140\" src=\"http:\/\/rurallascolonias.com.ar\/wp-content\/uploads\/2016\/03\/carne.jpg\" alt=\"carne\" width=\"290\" height=\"174\" \/><\/a>El precio promedio del novillo se ubic\u00f3, por primera vez en el a\u00f1o, en torno de los $ 25 el kilo en el Mercado de Liniers, lo cual podr\u00eda dar lugar a \u00abnuevas tensiones en la cadena comercial y en la opini\u00f3n p\u00fablica\u00bb, advirti\u00f3 ayer el analista del sector Miguel Gorelik. En ese sentido, advirti\u00f3 sobre el efecto del eventual sostenimiento de la cotizaci\u00f3n de la hacienda de hoy y de \u00abhipot\u00e9ticos nuevos incrementos en las pr\u00f3ximas semanas\u00bb<\/strong><\/em><\/p>\n<p>&nbsp;<\/p>\n<\/div>\n<div class=\"copyright\"><\/div>\n","protected":false},"excerpt":{"rendered":"<p>El precio promedio del novillo se ubic\u00f3, por primera vez en el a\u00f1o, en torno de los $ 25 el kilo en el Mercado de Liniers, lo cual podr\u00eda dar lugar a \u00abnuevas tensiones en la cadena comercial y en la opini\u00f3n p\u00fablica\u00bb, advirti\u00f3 ayer el analista del sector Miguel Gorelik. En ese sentido, advirti\u00f3 [&hellip;]<\/p>\n","protected":false},"author":5,"featured_media":0,"comment_status":"open","ping_status":"open","sticky":false,"template":"","format":"standard","meta":[],"categories":[50],"tags":[],"_links":{"self":[{"href":"http:\/\/rurallascolonias.com.ar\/index.php?rest_route=\/wp\/v2\/posts\/10139"}],"collection":[{"href":"http:\/\/rurallascolonias.com.ar\/index.php?rest_route=\/wp\/v2\/posts"}],"about":[{"href":"http:\/\/rurallascolonias.com.ar\/index.php?rest_route=\/wp\/v2\/types\/post"}],"author":[{"embeddable":true,"href":"http:\/\/rurallascolonias.com.ar\/index.php?rest_route=\/wp\/v2\/users\/5"}],"replies":[{"embeddable":true,"href":"http:\/\/rurallascolonias.com.ar\/index.php?rest_route=%2Fwp%2Fv2%2Fcomments&post=10139"}],"version-history":[{"count":1,"href":"http:\/\/rurallascolonias.com.ar\/index.php?rest_route=\/wp\/v2\/posts\/10139\/revisions"}],"predecessor-version":[{"id":10142,"href":"http:\/\/rurallascolonias.com.ar\/index.php?rest_route=\/wp\/v2\/posts\/10139\/revisions\/10142"}],"wp:attachment":[{"href":"http:\/\/rurallascolonias.com.ar\/index.php?rest_route=%2Fwp%2Fv2%2Fmedia&parent=10139"}],"wp:term":[{"taxonomy":"category","embeddable":true,"href":"http:\/\/rurallascolonias.com.ar\/index.php?rest_route=%2Fwp%2Fv2%2Fcategories&post=10139"},{"taxonomy":"post_tag","embeddable":true,"href":"http:\/\/rurallascolonias.com.ar\/index.php?rest_route=%2Fwp%2Fv2%2Ftags&post=10139"}],"curies":[{"name":"wp","href":"https:\/\/api.w.org\/{rel}","templated":true}]}}