{"id":10137,"date":"2016-03-23T13:45:53","date_gmt":"2016-03-23T13:45:53","guid":{"rendered":"http:\/\/rurallascolonias.com.ar\/?p=10137"},"modified":"2016-03-23T13:45:53","modified_gmt":"2016-03-23T13:45:53","slug":"para-cra-corren-riesgo-de-desaparecer-3-000-tamberos","status":"publish","type":"post","link":"http:\/\/rurallascolonias.com.ar\/?p=10137","title":{"rendered":"Para CRA, corren riesgo de desaparecer 3.000 tamberos"},"content":{"rendered":"<div class=\"description\"><em><strong><a href=\"http:\/\/rurallascolonias.com.ar\/?attachment_id=1358\" rel=\"attachment wp-att-1358\"><img loading=\"lazy\" class=\"aligncenter size-full wp-image-1358\" src=\"http:\/\/rurallascolonias.com.ar\/wp-content\/uploads\/2014\/02\/tamberos.jpg\" alt=\"tamberos\" width=\"337\" height=\"149\" srcset=\"http:\/\/rurallascolonias.com.ar\/wp-content\/uploads\/2014\/02\/tamberos.jpg 337w, http:\/\/rurallascolonias.com.ar\/wp-content\/uploads\/2014\/02\/tamberos-300x132.jpg 300w\" sizes=\"(max-width: 337px) 100vw, 337px\" \/><\/a>El vicepresidente de la entidad advirti\u00f3 que si la situaci\u00f3n no se corrige, la producci\u00f3n anual se reducir\u00eda a casi la mitad<\/strong><\/em><\/div>\n<p><!--more--><\/p>\n<div class=\"authorinfo\"><\/div>\n<div class=\"vsmcontent\">\n<p>\u00a0El vicepresidente de Confederaciones Rurales Argentinas (CRA), Jorge Chemes, alert\u00f3 que, si la crisis que atraviesa la lecher\u00eda no se soluciona a corto plazo, \u201cen el trascurso del este a\u00f1o van a desaparecer entre dos mil y tres mil productores\u201d.<\/p>\n<p>Estos se sumar\u00edan a los m\u00e1s de seis mil tambos que, en los \u00faltimos a\u00f1os, desaparecieron, seg\u00fan los c\u00e1lculos de las entidades.<\/p>\n<p>Esto l\u00f3gicamente tambi\u00e9n se sentir\u00e1 en materia productiva. \u201cLa producci\u00f3n caer\u00e1 de 11.000 millones de litros a seis o siete mil millones\u201d, remarc\u00f3 Chemes.<\/p>\n<p>El dirigente fue consultado por la agencia T\u00e9lam tras las diferentes medidas de protestas que se realizaron en todo el pa\u00eds y que en C\u00f3rdoba tuvieron epicentro en Villa Mar\u00eda, donde tamberos regalaron leche y bloquearon el acceso a una usina l\u00e1ctea.<\/p>\n<p>Desde su mirada, la soluci\u00f3n pasa por que \u201cse genere una acci\u00f3n de transparencia de la cadena\u201d y pidi\u00f3 al Gobierno que \u201csiente a la industria y al supermercadismo en una mesa de negociaci\u00f3n, porque los m\u00e1rgenes que reciben ellos no son comparables con los nuestros\u201d.<\/p>\n<p>Emergencia econ\u00f3mica<\/p>\n<p>Por su parte, el vicepresidente de la Sociedad Rural Argentina (SRA), Daniel Pelegrina, plante\u00f3 que \u201cla situaci\u00f3n es desesperante y para estos casos extraordinarios, tiene que haber medidas extraordinarias\u201d, por lo que su entidad propuso al Ejecutivo Nacional \u201cla generaci\u00f3n de un marco de ley para que se declare a la lecher\u00eda en emergencia econ\u00f3mica\u201d, de manera de permitir al Estado dictar medidas que \u201cataquen a los factores que llevaron al sector a esta situaci\u00f3n\u201d.<\/p>\n<p>Para Pelegrina, se lleg\u00f3 a esta situaci\u00f3n por \u201cla pol\u00edtica aplicada durante muchos a\u00f1os por el gobierno anterior, que hizo que se deteriore el nivel de las empresas y el nivel de institucionalidad del sector\u00bb, sumado a que \u201cno se han aprovechado los mejores momentos del sector, cuando la tonelada de leche en polvo estaba a cinco mil d\u00f3lares\u201d.<\/p>\n<p>Pelegrina sostuvo que a causa de esto se perdi\u00f3 la \u201ctransparencia de la cadena de valor\u201d y por eso pidi\u00f3 al gobierno que \u201cconvoque r\u00e1pidamente a una reuni\u00f3n con toda la cadena y empezar a ver d\u00f3nde esta la diferencia entre lo que se le paga al productor y el precio en g\u00f3ndola\u201d.<\/p>\n<p>Fuente: <a title=\"La Voz del Interior\" href=\"http:\/\/www.lavoz.com.ar\/\">La Voz del Interior<\/a><\/p>\n<\/div>\n","protected":false},"excerpt":{"rendered":"<p>El vicepresidente de la entidad advirti\u00f3 que si la situaci\u00f3n no se corrige, la producci\u00f3n anual se reducir\u00eda a casi la mitad<\/p>\n","protected":false},"author":5,"featured_media":0,"comment_status":"open","ping_status":"open","sticky":false,"template":"","format":"standard","meta":[],"categories":[42],"tags":[30,887,555,406],"_links":{"self":[{"href":"http:\/\/rurallascolonias.com.ar\/index.php?rest_route=\/wp\/v2\/posts\/10137"}],"collection":[{"href":"http:\/\/rurallascolonias.com.ar\/index.php?rest_route=\/wp\/v2\/posts"}],"about":[{"href":"http:\/\/rurallascolonias.com.ar\/index.php?rest_route=\/wp\/v2\/types\/post"}],"author":[{"embeddable":true,"href":"http:\/\/rurallascolonias.com.ar\/index.php?rest_route=\/wp\/v2\/users\/5"}],"replies":[{"embeddable":true,"href":"http:\/\/rurallascolonias.com.ar\/index.php?rest_route=%2Fwp%2Fv2%2Fcomments&post=10137"}],"version-history":[{"count":1,"href":"http:\/\/rurallascolonias.com.ar\/index.php?rest_route=\/wp\/v2\/posts\/10137\/revisions"}],"predecessor-version":[{"id":10138,"href":"http:\/\/rurallascolonias.com.ar\/index.php?rest_route=\/wp\/v2\/posts\/10137\/revisions\/10138"}],"wp:attachment":[{"href":"http:\/\/rurallascolonias.com.ar\/index.php?rest_route=%2Fwp%2Fv2%2Fmedia&parent=10137"}],"wp:term":[{"taxonomy":"category","embeddable":true,"href":"http:\/\/rurallascolonias.com.ar\/index.php?rest_route=%2Fwp%2Fv2%2Fcategories&post=10137"},{"taxonomy":"post_tag","embeddable":true,"href":"http:\/\/rurallascolonias.com.ar\/index.php?rest_route=%2Fwp%2Fv2%2Ftags&post=10137"}],"curies":[{"name":"wp","href":"https:\/\/api.w.org\/{rel}","templated":true}]}}