{"id":10131,"date":"2016-03-22T17:11:24","date_gmt":"2016-03-22T17:11:24","guid":{"rendered":"http:\/\/rurallascolonias.com.ar\/?p=10131"},"modified":"2016-03-22T17:11:24","modified_gmt":"2016-03-22T17:11:24","slug":"la-nina-se-hara-presente-la-proxima-campana","status":"publish","type":"post","link":"http:\/\/rurallascolonias.com.ar\/?p=10131","title":{"rendered":"\u00bfLa \u00abNi\u00f1a\u00bb se har\u00e1 presente la pr\u00f3xima campa\u00f1a?"},"content":{"rendered":"<div class=\"description\"><a href=\"http:\/\/rurallascolonias.com.ar\/?attachment_id=10132\" rel=\"attachment wp-att-10132\"><img loading=\"lazy\" class=\"aligncenter size-full wp-image-10132\" src=\"http:\/\/rurallascolonias.com.ar\/wp-content\/uploads\/2016\/03\/La-Ni\u00f1a.jpg\" alt=\"La Ni\u00f1a\" width=\"275\" height=\"183\" \/><\/a><strong><em>Despu\u00e9s de alcanzar su nivel m\u00e1ximo hacia la semana de Navidad\u201d, el episodio de \u201cEl Ni\u00f1o 2015\/2016\u201d comenz\u00f3 su proceso de disipaci\u00f3n<\/em><\/strong><\/div>\n<p><!--more--><\/p>\n<div class=\"description\"><\/div>\n<div class=\"vsmcontent\">\n<p>\u00a0No obstante, este proceso viene cumpli\u00e9ndose a muy baja velocidad, por lo que es probable que el fen\u00f3meno, en lugar de finalizar su acci\u00f3n hacia comienzos del oto\u00f1o, continuar\u00e1 teniendo cierto grado de influencia durante la mayor parte del a\u00f1o en curso.<\/p>\n<p>Esto es normal en los episodios intensos, tales como los que afectaron a las temporadas 1982\/1983, 1997\/1998 y al que se est\u00e1 desarrollando en la presente temporada, fortaleciendo el riesgo de que, durante el pr\u00f3ximo oto\u00f1o, se observen fuertes lluvias sobre la Cuenca del Plata, reactivando las crecidas de los grandes r\u00edos y los anegamientos de zonas bajas como la Cuenca del Salado, los alrededores de la Picasa, etc.<\/p>\n<p>Asimismo, esta evoluci\u00f3n podr\u00eda favorecer los ataques de enfermedades de fin de ciclo, plagas y malezas, demorar la cosecha, generar gastos de secado y dificultar el almacenamiento y transporte de la producci\u00f3n.<\/p>\n<p>Como aspectos positivos, puede se\u00f1alarse que los puertos fluviales contar\u00e1n con buen calado y que los suelos de gran parte del \u00e1rea agr\u00edcola quedar\u00e1n con abundantes reservas de humedad, que favorecer\u00e1n a la campa\u00f1a agr\u00edcola 2016\/2017.<\/p>\n<p>Esta posible evoluci\u00f3n hace poco probable la hip\u00f3tesis, difundida por numerosos medios, en el sentido de que la campa\u00f1a 2016\/2017 ser\u00eda afectada por una \u201cLa Ni\u00f1a\u201d que causar\u00eda una merma productiva.<\/p>\n<p>Por el contrario, las perspectivas m\u00e1s recientes se\u00f1alan que, al menos, la primera mitad de la campa\u00f1a 2016\/2017 (Invierno y primavera 2016), observar\u00eda lluvias normales a superiores a lo normal.<\/p>\n<p>Cabe reiterar que, si bien el presente episodio iguala el vigor de los m\u00e1s intensos observados hasta el momento, es poco probable que se convierta en la cat\u00e1strofe clim\u00e1tica del siglo, como difundieron muchos medios en el inicio de su desarrollo.<\/p>\n<p>Fuente: <a title=\"Agri Total\" href=\"http:\/\/www.agritotal.com\/\">Agri Total<\/a><\/p>\n<\/div>\n","protected":false},"excerpt":{"rendered":"<p>Despu\u00e9s de alcanzar su nivel m\u00e1ximo hacia la semana de Navidad\u201d, el episodio de \u201cEl Ni\u00f1o 2015\/2016\u201d comenz\u00f3 su proceso de disipaci\u00f3n<\/p>\n","protected":false},"author":5,"featured_media":0,"comment_status":"open","ping_status":"open","sticky":false,"template":"","format":"standard","meta":[],"categories":[40],"tags":[2717],"_links":{"self":[{"href":"http:\/\/rurallascolonias.com.ar\/index.php?rest_route=\/wp\/v2\/posts\/10131"}],"collection":[{"href":"http:\/\/rurallascolonias.com.ar\/index.php?rest_route=\/wp\/v2\/posts"}],"about":[{"href":"http:\/\/rurallascolonias.com.ar\/index.php?rest_route=\/wp\/v2\/types\/post"}],"author":[{"embeddable":true,"href":"http:\/\/rurallascolonias.com.ar\/index.php?rest_route=\/wp\/v2\/users\/5"}],"replies":[{"embeddable":true,"href":"http:\/\/rurallascolonias.com.ar\/index.php?rest_route=%2Fwp%2Fv2%2Fcomments&post=10131"}],"version-history":[{"count":1,"href":"http:\/\/rurallascolonias.com.ar\/index.php?rest_route=\/wp\/v2\/posts\/10131\/revisions"}],"predecessor-version":[{"id":10133,"href":"http:\/\/rurallascolonias.com.ar\/index.php?rest_route=\/wp\/v2\/posts\/10131\/revisions\/10133"}],"wp:attachment":[{"href":"http:\/\/rurallascolonias.com.ar\/index.php?rest_route=%2Fwp%2Fv2%2Fmedia&parent=10131"}],"wp:term":[{"taxonomy":"category","embeddable":true,"href":"http:\/\/rurallascolonias.com.ar\/index.php?rest_route=%2Fwp%2Fv2%2Fcategories&post=10131"},{"taxonomy":"post_tag","embeddable":true,"href":"http:\/\/rurallascolonias.com.ar\/index.php?rest_route=%2Fwp%2Fv2%2Ftags&post=10131"}],"curies":[{"name":"wp","href":"https:\/\/api.w.org\/{rel}","templated":true}]}}