{"id":10030,"date":"2016-03-16T12:21:04","date_gmt":"2016-03-16T12:21:04","guid":{"rendered":"http:\/\/rurallascolonias.com.ar\/?p=10030"},"modified":"2016-03-16T12:21:04","modified_gmt":"2016-03-16T12:21:04","slug":"ricardo-buryaile-haremos-las-gestiones-para-que-continuen-las-compensaciones","status":"publish","type":"post","link":"http:\/\/rurallascolonias.com.ar\/?p=10030","title":{"rendered":"Ricardo Buryaile \u201cHaremos las gestiones para que contin\u00faen las compensaciones\u201d"},"content":{"rendered":"<p><em><strong><a href=\"http:\/\/rurallascolonias.com.ar\/?attachment_id=9010\" rel=\"attachment wp-att-9010\"><img loading=\"lazy\" class=\"alignleft size-full wp-image-9010\" src=\"http:\/\/rurallascolonias.com.ar\/wp-content\/uploads\/2015\/12\/BUYAIRTE.jpg\" alt=\"BUYAIRTE\" width=\"312\" height=\"161\" srcset=\"http:\/\/rurallascolonias.com.ar\/wp-content\/uploads\/2015\/12\/BUYAIRTE.jpg 312w, http:\/\/rurallascolonias.com.ar\/wp-content\/uploads\/2015\/12\/BUYAIRTE-300x155.jpg 300w\" sizes=\"(max-width: 312px) 100vw, 312px\" \/><\/a>Una reuni\u00f3n urgente, franca, cruda y con agenda de trabajo concreta fue la que convoc\u00f3 ayer el Ministro Ricardo Buryaile a las gremiales de C\u00f3rdoba, Santa Fe y la Cuenca Oeste Bonaerense.<\/strong><\/em><br \/>\n<em><strong>Ayer todos en el sector lechero mir\u00e1bamos hacia el Ministerio de Agroindustria, la convocatoria urgente a un sector de los tamberos gener\u00f3 expectativa en todos los actores a la espera de novedades<\/strong><\/em><!--more--><br \/>\nEn LL logramos reconstruir parte de lo hablado con diferentes actores presentes, con el cuidado que implica revelar una reuni\u00f3n privada y en un momento tan delicado trataremos de exponer lo hablado y c\u00f3mo se seguir\u00e1 hacia delante.<br \/>\nEn concreto el Ministro solicit\u00f3 propuestas concretas y no diagn\u00f3sticos que asegura tener nien claros, ante esta invitaci\u00f3n se presentaron diferentes propuestas y fueron punteadas una por una para ver la viabilidad de las mismas. De esas propuestas ha quedado la acci\u00f3n pendiente en los siguientes \u00edtems.<\/p>\n<p>Compensaciones<br \/>\nHay un reconocimiento de que la situaci\u00f3n es excepcional y que se requiere una medida de excepci\u00f3n para aplacarla, eso significan hoy las compensaciones. No hubo una promesa concreta de que seguir\u00e1n, pero si el entendimiento de que hoy son necesarias para tratar de asegurar la sobrevivencia de los productores, por lo que se ha comprometido el ministerio a gestionar la continuidad.<br \/>\nHoy no las puede asegurar porque, como todos sabemos, depende de la interacci\u00f3n con otras \u00e1reas del gobierno.<br \/>\nAdem\u00e1s las entidades pidieron que sean repartidas por tambo y no por cuit, con lo que se abarcar\u00eda a m\u00e1s litros.<\/p>\n<p>Cr\u00e9ditos<br \/>\nSe ha reconocido por parte de los productores las nuevas l\u00edneas de cr\u00e9dito anunciadas, pero todos reconocen que desde las provincias de C\u00f3rdoba y Santa Fe hay mejores alternativas que de la Naci\u00f3n, por lo que le han solicitado una gesti\u00f3n especial para lograr cr\u00e9ditos a cinco a\u00f1os con uno de gracia.<\/p>\n<p>Compra de Sobrestock<br \/>\nEn dos semanas se comenzar\u00eda a comprar el excedente de leche en polvo, el Ministro asegur\u00f3 que las condiciones para la compra son que la leche tenga fecha de vencimiento lejana, que las industrias garanticen el mejoramiento del precio a los tamberos y que esa leche sea destinada a la exportaci\u00f3n.<\/p>\n<p>Institucionalizaci\u00f3n de la cadena<br \/>\nEn concreto el pedido es para que desde el gobierno se apoye a la institucionalizaci\u00f3n de una \u00fanica entidad nacional que represente a los productores.<\/p>\n<p>Supermercados<br \/>\nEs viejo el pedido de los productores para que el sector comercial se siente en la esa. Buryaile les asegur\u00f3 que ma\u00f1ana (por hoy) se dar\u00e1 una primera reuni\u00f3n con las c\u00e1maras que representan a los supermercados y se tratar\u00e1 de avanzar en ese sentido.<\/p>\n<p>El sentimiento de los presentes es que se avanz\u00f3 en opciones concretas y que se hizo sabiendo que los milagros no ser\u00e1n los que salven la actual coyuntura, ahora queda esperar que se concreten los temas tratados.<br \/>\nDami\u00e1n Morais para www.lecherialatina.com<\/p>\n<div class=\"tag-action\"><span class=\"title-action\">\u00a0<\/span><\/div>\n","protected":false},"excerpt":{"rendered":"<p>Una reuni\u00f3n urgente, franca, cruda y con agenda de trabajo concreta fue la que convoc\u00f3 ayer el Ministro Ricardo Buryaile a las gremiales de C\u00f3rdoba, Santa Fe y la Cuenca Oeste Bonaerense. Ayer todos en el sector lechero mir\u00e1bamos hacia el Ministerio de Agroindustria, la convocatoria urgente a un sector de los tamberos gener\u00f3 expectativa [&hellip;]<\/p>\n","protected":false},"author":5,"featured_media":0,"comment_status":"open","ping_status":"open","sticky":false,"template":"","format":"standard","meta":[],"categories":[33],"tags":[1878,2689,2690,2448],"_links":{"self":[{"href":"http:\/\/rurallascolonias.com.ar\/index.php?rest_route=\/wp\/v2\/posts\/10030"}],"collection":[{"href":"http:\/\/rurallascolonias.com.ar\/index.php?rest_route=\/wp\/v2\/posts"}],"about":[{"href":"http:\/\/rurallascolonias.com.ar\/index.php?rest_route=\/wp\/v2\/types\/post"}],"author":[{"embeddable":true,"href":"http:\/\/rurallascolonias.com.ar\/index.php?rest_route=\/wp\/v2\/users\/5"}],"replies":[{"embeddable":true,"href":"http:\/\/rurallascolonias.com.ar\/index.php?rest_route=%2Fwp%2Fv2%2Fcomments&post=10030"}],"version-history":[{"count":1,"href":"http:\/\/rurallascolonias.com.ar\/index.php?rest_route=\/wp\/v2\/posts\/10030\/revisions"}],"predecessor-version":[{"id":10031,"href":"http:\/\/rurallascolonias.com.ar\/index.php?rest_route=\/wp\/v2\/posts\/10030\/revisions\/10031"}],"wp:attachment":[{"href":"http:\/\/rurallascolonias.com.ar\/index.php?rest_route=%2Fwp%2Fv2%2Fmedia&parent=10030"}],"wp:term":[{"taxonomy":"category","embeddable":true,"href":"http:\/\/rurallascolonias.com.ar\/index.php?rest_route=%2Fwp%2Fv2%2Fcategories&post=10030"},{"taxonomy":"post_tag","embeddable":true,"href":"http:\/\/rurallascolonias.com.ar\/index.php?rest_route=%2Fwp%2Fv2%2Ftags&post=10030"}],"curies":[{"name":"wp","href":"https:\/\/api.w.org\/{rel}","templated":true}]}}