{"id":10018,"date":"2016-03-14T10:20:38","date_gmt":"2016-03-14T10:20:38","guid":{"rendered":"http:\/\/rurallascolonias.com.ar\/?p=10018"},"modified":"2016-03-14T14:20:49","modified_gmt":"2016-03-14T14:20:49","slug":"lecheria-el-senado-pide-la-emergencia","status":"publish","type":"post","link":"http:\/\/rurallascolonias.com.ar\/?p=10018","title":{"rendered":"Lecher\u00eda: el Senado pide la emergencia"},"content":{"rendered":"<p><em><strong><a href=\"http:\/\/rurallascolonias.com.ar\/?attachment_id=8465\" rel=\"attachment wp-att-8465\"><img loading=\"lazy\" class=\"aligncenter size-full wp-image-8465\" src=\"http:\/\/rurallascolonias.com.ar\/wp-content\/uploads\/2015\/10\/crisis-lechera.jpg\" alt=\"crisis lechera\" width=\"290\" height=\"174\" \/><\/a>El Senado provincial aprob\u00f3 ayer una comunicaci\u00f3n al Poder Ejecutivo provincial, solicit\u00e1ndole que requiera a la Naci\u00f3n la declaraci\u00f3n de emergencia del sector l\u00e1cteo<\/strong><\/em><!--more--><br \/>\nEl cuerpo hizo suyo el proyecto presentado por el senador Felipe Michlig, presidente del bloque de senadores del FPCyS, en el que requiere \u201cmedidas conducentes a apoyar a los productores afectados, analizando la cadena de valor, con una convocatoria amplia a todos los integrantes de la misma\u201d.<br \/>\nMichlig explic\u00f3 que \u201csi bien los subsidios dispuestos por el actual gobierno nacional de $ 0,40 por litro de leche, hasta una producci\u00f3n de 3.000 litros por tres meses ayudan parcialmente a paliar la situaci\u00f3n, son insuficientes en orden a la magnitud de la crisis del sector\u201d.<br \/>\nSobre el mismo tema, el senador por Las Colonias, Rub\u00e9n Pirola, solicit\u00f3 al gobierno provincial que se suspenda la iniciaci\u00f3n y sustanciaci\u00f3n de juicios y acciones administrativas por cobro de impuestos provinciales mientras dure la emergencia, que prorrogue el pago de impuestos provinciales, que gestione ante instituciones bancarias pr\u00f3rrogas especiales de plazos para el cumplimiento de obligaciones a cargo de los productores afectados y a su vez, ante el Poder Ejecutivo Nacional, que se gestionen beneficios impositivos y asistencia financiera a los productores afectados.<br \/>\nLa sesi\u00f3n de ayer de la C\u00e1mara Alta santafesina -luego del fallido intento de la semana pasada- sirvi\u00f3 tambi\u00e9n para poner sobre el tapete la discusi\u00f3n sobre la pol\u00edtica de seguridad p\u00fablica en la provincia, y el desempe\u00f1o del ministro del \u00e1rea, Maximiliano Pullaro.<br \/>\nLa discusi\u00f3n tom\u00f3 como punto de partida la toma de la comisar\u00eda en Bernardo de Irigoyen, y desat\u00f3 algunos cruces sobre la pertinencia del debate en ese \u00e1mbito.<br \/>\nwww.ellitoral.com<\/p>\n","protected":false},"excerpt":{"rendered":"<p>El Senado provincial aprob\u00f3 ayer una comunicaci\u00f3n al Poder Ejecutivo provincial, solicit\u00e1ndole que requiera a la Naci\u00f3n la declaraci\u00f3n de emergencia del sector l\u00e1cteo<\/p>\n","protected":false},"author":5,"featured_media":0,"comment_status":"open","ping_status":"open","sticky":false,"template":"","format":"standard","meta":[],"categories":[46,33],"tags":[522,12,1339],"_links":{"self":[{"href":"http:\/\/rurallascolonias.com.ar\/index.php?rest_route=\/wp\/v2\/posts\/10018"}],"collection":[{"href":"http:\/\/rurallascolonias.com.ar\/index.php?rest_route=\/wp\/v2\/posts"}],"about":[{"href":"http:\/\/rurallascolonias.com.ar\/index.php?rest_route=\/wp\/v2\/types\/post"}],"author":[{"embeddable":true,"href":"http:\/\/rurallascolonias.com.ar\/index.php?rest_route=\/wp\/v2\/users\/5"}],"replies":[{"embeddable":true,"href":"http:\/\/rurallascolonias.com.ar\/index.php?rest_route=%2Fwp%2Fv2%2Fcomments&post=10018"}],"version-history":[{"count":1,"href":"http:\/\/rurallascolonias.com.ar\/index.php?rest_route=\/wp\/v2\/posts\/10018\/revisions"}],"predecessor-version":[{"id":10019,"href":"http:\/\/rurallascolonias.com.ar\/index.php?rest_route=\/wp\/v2\/posts\/10018\/revisions\/10019"}],"wp:attachment":[{"href":"http:\/\/rurallascolonias.com.ar\/index.php?rest_route=%2Fwp%2Fv2%2Fmedia&parent=10018"}],"wp:term":[{"taxonomy":"category","embeddable":true,"href":"http:\/\/rurallascolonias.com.ar\/index.php?rest_route=%2Fwp%2Fv2%2Fcategories&post=10018"},{"taxonomy":"post_tag","embeddable":true,"href":"http:\/\/rurallascolonias.com.ar\/index.php?rest_route=%2Fwp%2Fv2%2Ftags&post=10018"}],"curies":[{"name":"wp","href":"https:\/\/api.w.org\/{rel}","templated":true}]}}