{"id":10013,"date":"2016-03-14T12:09:16","date_gmt":"2016-03-14T12:09:16","guid":{"rendered":"http:\/\/rurallascolonias.com.ar\/?p=10013"},"modified":"2016-03-14T12:09:16","modified_gmt":"2016-03-14T12:09:16","slug":"hoy-comienza-la-31o-campana-contra-la-fiebre-aftosa","status":"publish","type":"post","link":"http:\/\/rurallascolonias.com.ar\/?p=10013","title":{"rendered":"Hoy comienza la 31\u00ba campa\u00f1a contra la fiebre aftosa"},"content":{"rendered":"<div class=\"rmTopSpacer rmTop\">\n<div class=\"rmButtons\"><strong><em><a href=\"http:\/\/rurallascolonias.com.ar\/?attachment_id=8307\" rel=\"attachment wp-att-8307\"><img loading=\"lazy\" class=\"aligncenter size-full wp-image-8307\" src=\"http:\/\/rurallascolonias.com.ar\/wp-content\/uploads\/2015\/09\/vacunaci\u00f3n-antiaftosa-2.jpg\" alt=\"vacunaci\u00f3n antiaftosa 2\" width=\"264\" height=\"191\" \/><\/a>Hoy da inicio la 31\u00ba campa\u00f1a contra la fiebre aftosa<\/em><\/strong><\/div>\n<div class=\"rmButtons\"><\/div>\n<\/div>\n<p><!--more--><\/p>\n<div id=\"readMessagePartControl364f\" class=\"c-ReadMessagePart ReadMsgContainer HasLayout ClearBoth HideShadows FullPart NoHistory Read RmIc\" data-link=\"class{:~tag.getHeaderCssClass(IsConversationPart, IsRead, IsDraft, IsTrustedSender, Items.length)}\">\n<div class=\"c-ReadMessagePartBody\" data-link=\"class{getClass:IsBodyExpanded}\">\n<div class=\"readMsgBody\">\n<div id=\"bodyreadMessagePartBodyControl369f\" class=\"ExternalClass MsgBodyContainer\" data-link=\"class{:~tag.cssClasses(PlainText, IsContentFiltered)}\">\n<div dir=\"ltr\">\n<div class=\"ecxWordSection1\">\n<p class=\"ecxMsoNormal\">Recordamos que se vacunar\u00e1 la totalidad del rodeo bovino y bubalino del departamento y la provincia.<\/p>\n<p class=\"ecxMsoNormal\">Tambi\u00e9n se informa la obligatoriedad de la vacunaci\u00f3n contra carbunclo, con la posibilidad de elegir la fecha de la misma, pero debiendo realizarla dentro del a\u00f1o 2016.<\/p>\n<p class=\"ecxMsoNormal\">Fundaci\u00f3n Las Colonias a trav\u00e9s de Sociedad Rural<\/p>\n<\/div>\n<\/div>\n<\/div>\n<\/div>\n<\/div>\n<\/div>\n","protected":false},"excerpt":{"rendered":"<p>Hoy da inicio la 31\u00ba campa\u00f1a contra la fiebre aftosa<\/p>\n","protected":false},"author":5,"featured_media":0,"comment_status":"open","ping_status":"open","sticky":false,"template":"","format":"standard","meta":[],"categories":[2306,29],"tags":[653,1421],"_links":{"self":[{"href":"http:\/\/rurallascolonias.com.ar\/index.php?rest_route=\/wp\/v2\/posts\/10013"}],"collection":[{"href":"http:\/\/rurallascolonias.com.ar\/index.php?rest_route=\/wp\/v2\/posts"}],"about":[{"href":"http:\/\/rurallascolonias.com.ar\/index.php?rest_route=\/wp\/v2\/types\/post"}],"author":[{"embeddable":true,"href":"http:\/\/rurallascolonias.com.ar\/index.php?rest_route=\/wp\/v2\/users\/5"}],"replies":[{"embeddable":true,"href":"http:\/\/rurallascolonias.com.ar\/index.php?rest_route=%2Fwp%2Fv2%2Fcomments&post=10013"}],"version-history":[{"count":1,"href":"http:\/\/rurallascolonias.com.ar\/index.php?rest_route=\/wp\/v2\/posts\/10013\/revisions"}],"predecessor-version":[{"id":10014,"href":"http:\/\/rurallascolonias.com.ar\/index.php?rest_route=\/wp\/v2\/posts\/10013\/revisions\/10014"}],"wp:attachment":[{"href":"http:\/\/rurallascolonias.com.ar\/index.php?rest_route=%2Fwp%2Fv2%2Fmedia&parent=10013"}],"wp:term":[{"taxonomy":"category","embeddable":true,"href":"http:\/\/rurallascolonias.com.ar\/index.php?rest_route=%2Fwp%2Fv2%2Fcategories&post=10013"},{"taxonomy":"post_tag","embeddable":true,"href":"http:\/\/rurallascolonias.com.ar\/index.php?rest_route=%2Fwp%2Fv2%2Ftags&post=10013"}],"curies":[{"name":"wp","href":"https:\/\/api.w.org\/{rel}","templated":true}]}}