{"id":10008,"date":"2016-03-14T11:35:46","date_gmt":"2016-03-14T11:35:46","guid":{"rendered":"http:\/\/rurallascolonias.com.ar\/?p=10008"},"modified":"2016-03-14T11:35:46","modified_gmt":"2016-03-14T11:35:46","slug":"el-parche-para-los-sobrestocks-de-leche-no-sirve","status":"publish","type":"post","link":"http:\/\/rurallascolonias.com.ar\/?p=10008","title":{"rendered":"El parche para los sobrestocks de leche no sirve"},"content":{"rendered":"<p><em><strong><a href=\"http:\/\/rurallascolonias.com.ar\/?attachment_id=7085\" rel=\"attachment wp-att-7085\"><img loading=\"lazy\" class=\"aligncenter size-full wp-image-7085\" src=\"http:\/\/rurallascolonias.com.ar\/wp-content\/uploads\/2015\/06\/leche-2.jpg\" alt=\"leche 2\" width=\"288\" height=\"175\" \/><\/a>La promesa de compra de stocks no conforma a las empresas, por la propuesta endeble desde el Gobierno. Crece la tensi\u00f3n en el sector<\/strong><\/em><!--more--><\/p>\n<p>Respirando el aire campero de \u201cEl Umbral\u201d, en Expoagro el Gobierno nacional crey\u00f3 poder aquietar las aguas de la lecher\u00eda con un anuncio en boca de Ricardo Buryaile, tambi\u00e9n replicado por el propio Mauricio Macri. La idea es que el Gobierno compre, no bajo el modo de leche social, sino como capital para salir a negociar con mercados externos. Lejos de la idealizaci\u00f3n que la protecci\u00f3n medi\u00e1tica del Ministerio de Agroindustria elabor\u00f3 a mediados de la semana, nada es concreto, mucho menos esa alocada estimaci\u00f3n de llegar a Venezuela, mientras el tironeo pol\u00edtico se impone sobre los negocios y las necesidades de ambas partes, entre alimentos y petr\u00f3leo.<\/p>\n<p>Con todo este marco, la semana anterior el Centro de la Industria Lechera cumpli\u00f3 con otro de sus encuentros, donde no falt\u00f3 el debate.<\/p>\n<p>Mientras quedaron atr\u00e1s muchas de las diferencias del a\u00f1o anterior, que no se descarta que regresen, de la mano de lo que ser\u00e1 la futura negociaci\u00f3n paritaria en la que se espera un pedido exorbitante de los lecheros, bajo la potestad de pedir todo y mucho m\u00e1s con todas, las concesiones que vienen limitando a las industrias, el di\u00e1logo se va unificando en intenciones desde las empresas m\u00e1s grandes.<\/p>\n<p>Los responsables de la exportaci\u00f3n que componen la entidad fueron muy concreto en cuanto a la materialidad de tener un solo mercado firme, que es el de Brasil, que viene muy afectado por la falta de productos l\u00e1cteos propios, derivados de la afecci\u00f3n clim\u00e1tica de El Ni\u00f1o, entre lluvias muy copiosas en el centro-sur del pa\u00eds y sequ\u00edas muy marcadas hacia el norte.<\/p>\n<p>De todos modos hace ya varios a\u00f1os que la situaci\u00f3n entre partes no viene bien. De aquel conflicto partiendo de las automotrices y con la gen\u00e9tica puesta en el kirchnerismo y su intenci\u00f3n de cerrar fronteras, las industrias de gran porte hicieron un mal negocio, el de aceptar una cuota de venta con acento portugu\u00e9s. De las 3.600 toneladas habilitadas para el comercio entre partes, se sumaron ahora, este marzo otras 600 m\u00e1s lo que hace que el flujo de salida se ampl\u00ede m\u00ednimamente, pero no como para descomprimir los totales producidos. Mientras tanto, las pymes aspiran a un poco m\u00e1s que su fracci\u00f3n de 300 toneladas y ah\u00ed se fundamenta otro de los tantos tironeos gentiles entre el CIL y Apymel.<\/p>\n<p>Es por eso que la intenci\u00f3n de \u201cintervenci\u00f3n\u201d del Estado presenta m\u00e1s dudas que certezas, las cuales no se cree que pueda disipar Ricardo Buryaile este martes por la tarde, convocada durante el fin de semana, cuando ante entidades de diversos eslabones de la cadena intente al menos aclarar cu\u00e1ntas toneladas comprar\u00e1 el Ejecutivo, ya que los corrillos de Expoagro van de 20 a 40 mil unidades de medida de peso.<\/p>\n<p>Son muchos los que creen que ser\u00eda m\u00e1s factible que se pueda en alg\u00fan momento hacer una evaluaci\u00f3n positiva de la gesti\u00f3n anterior en la Subsecretar\u00eda de Lecher\u00eda, que se concrete esta idea de manera \u00e1gil y efectiva. Algunos hacen comparaciones m\u00e1s crueles, aunque graciosas sobre protagonistas del sector y sus imposibles.<\/p>\n<p>En definitiva, la frase que nos queda por parte de los industriales es muy clara. De esa mesa surgi\u00f3 que \u201csi quieren comprar ahora la leche en polvo para que podamos pagar una vez cuatro pesos por litro al productor y despu\u00e9s volvamos para atr\u00e1s con los precios, que la leche se la quede Sammartino\u201d.<\/p>\n<p>Tanto los productores como la industria exigen definiciones m\u00e1s concretas de la pol\u00edtica lechera. No manotazos o anuncios de ocasi\u00f3n que ya tanto mal le hicieron al sector.<\/p>\n<p>Hoy en Villa Mar\u00eda y Entre R\u00edos, el mi\u00e9rcoles en la localidad santafesina de Nuevo Torino, los tamberos preparar\u00e1n el terreno para lo que promete ser un paro nacional tambero, para dentro de una semana. Esta es la muestra del malestar.<\/p>\n<p>El punto clave de la reflexi\u00f3n es el siguiente, si el Gobierno repens\u00f3 desde diciembre la estrategia para derivar al sector tambero unos 600 millones de pesos para las compensaciones, seg\u00fan lo reconocido por el Ministro de Hacienda en aquel d\u00eda de Venado Tuerto, \u00bfcu\u00e1n r\u00e1pido podr\u00e1 desembolsar varios miles de millones para cubrir todas estas toneladas de excedentes que tiene hoy la industria?.<\/p>\n<p>El tiempo nos dar\u00e1 la raz\u00f3n a todos, con las realidades que ofrezca.<\/p>\n<p>Elida Thiery para www.lecherialatina.com<\/p>\n","protected":false},"excerpt":{"rendered":"<p>La promesa de compra de stocks no conforma a las empresas, por la propuesta endeble desde el Gobierno. Crece la tensi\u00f3n en el sector<\/p>\n","protected":false},"author":5,"featured_media":0,"comment_status":"open","ping_status":"open","sticky":false,"template":"","format":"standard","meta":[],"categories":[46],"tags":[176,126,9,47,2685,106,362,312,2667,227],"_links":{"self":[{"href":"http:\/\/rurallascolonias.com.ar\/index.php?rest_route=\/wp\/v2\/posts\/10008"}],"collection":[{"href":"http:\/\/rurallascolonias.com.ar\/index.php?rest_route=\/wp\/v2\/posts"}],"about":[{"href":"http:\/\/rurallascolonias.com.ar\/index.php?rest_route=\/wp\/v2\/types\/post"}],"author":[{"embeddable":true,"href":"http:\/\/rurallascolonias.com.ar\/index.php?rest_route=\/wp\/v2\/users\/5"}],"replies":[{"embeddable":true,"href":"http:\/\/rurallascolonias.com.ar\/index.php?rest_route=%2Fwp%2Fv2%2Fcomments&post=10008"}],"version-history":[{"count":1,"href":"http:\/\/rurallascolonias.com.ar\/index.php?rest_route=\/wp\/v2\/posts\/10008\/revisions"}],"predecessor-version":[{"id":10009,"href":"http:\/\/rurallascolonias.com.ar\/index.php?rest_route=\/wp\/v2\/posts\/10008\/revisions\/10009"}],"wp:attachment":[{"href":"http:\/\/rurallascolonias.com.ar\/index.php?rest_route=%2Fwp%2Fv2%2Fmedia&parent=10008"}],"wp:term":[{"taxonomy":"category","embeddable":true,"href":"http:\/\/rurallascolonias.com.ar\/index.php?rest_route=%2Fwp%2Fv2%2Fcategories&post=10008"},{"taxonomy":"post_tag","embeddable":true,"href":"http:\/\/rurallascolonias.com.ar\/index.php?rest_route=%2Fwp%2Fv2%2Ftags&post=10008"}],"curies":[{"name":"wp","href":"https:\/\/api.w.org\/{rel}","templated":true}]}}